{"id":14404,"date":"2020-10-21T16:53:30","date_gmt":"2020-10-21T19:53:30","guid":{"rendered":"https:\/\/portalmovil.com.ar\/?p=14404"},"modified":"2020-10-21T16:53:34","modified_gmt":"2020-10-21T19:53:34","slug":"vuelven-los-micros-de-larga-distancia-como-sera-viajar-desde-manana","status":"publish","type":"post","link":"https:\/\/portalmovil.com.ar\/index.php\/2020\/10\/21\/vuelven-los-micros-de-larga-distancia-como-sera-viajar-desde-manana\/","title":{"rendered":"Vuelven los micros de larga distancia: c\u00f3mo ser\u00e1 viajar desde ma\u00f1ana"},"content":{"rendered":"\n<p>El Gobierno nacional aprob\u00f3 este mi\u00e9rcoles los protocolos sanitarios para la prevenci\u00f3n del coronavirus Covid-19 que se aplicar\u00e1 desde este jueves en los micros de larga distancia. A trav\u00e9s de la Disposici\u00f3n 271\/2020 de la Comisi\u00f3n Nacional Reguladora del Transporte publicada en el Bolet\u00edn Oficial se sentaron las bases de c\u00f3mo comenzar\u00e1n las vacaciones de muchos argentinos en el pr\u00f3ximo verano.<\/p>\n\n\n\n<h3 class=\"wp-block-heading\"><strong>Aqu\u00ed el detalle de c\u00f3mo ser\u00e1 viajar en micro:<\/strong><\/h3>\n\n\n\n<p>S\u00f3lo podr\u00e1n viajar las personas exceptuadas de la prohibici\u00f3n de circular.<\/p>\n\n\n\n<p>Las frecuencias de los servicios se ajustar\u00e1n de acuerdo a la demanda pero no pudiendo en ning\u00fan caso superar aquellas actualmente registradas para cada l\u00ednea.<\/p>\n\n\n\n<p>Los horarios de los servicios deber\u00e1n determinarse tomando en cuenta las tasas de ocupaci\u00f3n de las distintas terminales de origen y destino, de tal manera que no se generen aglomeraciones de personas al ascender y descender de las unidades y en la evacuaci\u00f3n de las terminales.<\/p>\n\n\n\n<p>Los operadores, en forma previa a la iniciaci\u00f3n de cada servicio, deber\u00e1n gestionar bajo su exclusiva responsabilidad, la conformidad de las provincias y la Ciudad de Buenos Aires.<\/p>\n\n\n\n<p>Los servicios deber\u00e1n \u00fanicamente vincular Terminales habilitadas a este fin.<\/p>\n\n\n\n<p>Para cumplir con el distanciamiento social se reduce la capacidad de ocupaci\u00f3n de los veh\u00edculos de la siguiente manera:<\/p>\n\n\n\n<p>Veh\u00edculos de categor\u00eda \u201cSemi Cama\u201d: podr\u00e1n trasladar simult\u00e1neamente hasta 37 pasajeros.<\/p>\n\n\n\n<p>Veh\u00edculos de categor\u00eda Cama Ejecutivo: podr\u00e1n trasladar simult\u00e1neamente hasta 26 pasajeros.<\/p>\n\n\n\n<p>Veh\u00edculos de categor\u00eda Cama Suite: podr\u00e1n trasladar simult\u00e1neamente hasta 18 pasajeros.<\/p>\n\n\n\n<p>Los grupos familiares podr\u00e1n trasladarse en butacas adyacentes o de ubicaci\u00f3n cercana, sin perjuicio del distanciamiento social que debe mediar respecto de los restantes pasajeros del servicio.<\/p>\n\n\n\n<p>Antes de tomar servicio, se deber\u00e1 controlar la temperatura de los conductores y si presenta fiebre o alg\u00fan s\u00edntoma de la enfermedad, conforme lo determina el Ministerio de Salud, no deber\u00e1 tomar servicio y deber\u00e1 seguirse el protocolo para el personal enfermo.<\/p>\n\n\n\n<p>Ser\u00e1 obligatorio tanto para el conductor como para los pasajeros, el uso de elementos de protecci\u00f3n que cubran nariz, boca y ment\u00f3n.<\/p>\n\n\n\n<p>El chofer y acompa\u00f1ante deber\u00e1n mantener una distancia de seguridad de 1,5 metros.<\/p>\n\n\n\n<p>Si la unidad dispone de catre, cada chofer deber\u00e1 contar con su ropa de cama personal.<\/p>\n\n\n\n<p>Deber\u00e1 fijarse carteler\u00eda ubicada en lugar visible dentro de los veh\u00edculos, en la cual se indique al pasajero que deber\u00e1 respetar un l\u00edmite de acercamiento al personal de conducci\u00f3n no inferior a 1,5 metros.<\/p>\n\n\n\n<p>Cuando por el dise\u00f1o de las unidades vehiculares sea necesario, deber\u00e1 instalarse una aislaci\u00f3n f\u00edsica que separe a los pasajeros de los conductores. \u00c9sta, ser\u00e1 de material transparente, de manera que no se vean afectadas las condiciones de visibilidad. En ning\u00fan caso deber\u00e1n comprometerse las condiciones de seguridad con que deben prestarse los servicios.<\/p>\n\n\n\n<p>En lo que respecta a la ventilaci\u00f3n de los veh\u00edculos, se deber\u00e1 contemplar la posibilidad de proceder al reemplazo frecuente de los filtros de los aires acondicionados, explorar la alternativa del uso de filtros HEPA port\u00e1tiles o en su caso, deber\u00e1 garantizarse que el sistema de aire acondicionado no funcione en modo recirculaci\u00f3n y que cumplan con las 20 renovaciones de aire por hora, en todo el volumen de la unidad.<\/p>\n\n\n\n<p>Todas las unidades contar\u00e1n dentro del sanitario con suministros de jab\u00f3n. No obstante, se recomienda a los pasajeros traer consigo otros productos de protecci\u00f3n personal como alcohol en gel, toallas higi\u00e9nicas, etc. para utilizar antes, durante y despu\u00e9s del recorrido.<\/p>\n\n\n\n<p>En forma previa al ingreso al veh\u00edculo, el pasajero deber\u00e1 portar el \u201cCERTIFICADO UNICO HABILITANTE PARA CIRCULACI\u00d3N \u2013 EMERGENCIA COVID-19\u201d y\/o exhibir el certificado mediante la aplicaci\u00f3n \u201cCUIDAR\u201d<\/p>\n\n\n\n<p>Para toda venta o reserva de pasajes se procurar\u00e1 utilizar medios no presenciales de compras.<\/p>\n\n\n\n<p>En las estaciones y terminales de jurisdicci\u00f3n provincial y municipal se deber\u00e1n implementar los mecanismos necesarios para la toma de la temperatura de todos los pasajeros.<\/p>\n\n\n\n<p>Movilidad a bordo: Se limitar\u00e1 la circulaci\u00f3n de pasajeros dentro de la unidad por lo que deber\u00e1n permanecer sentados en su butaca durante todo el recorrido, a excepci\u00f3n del momento que deseen utilizar el sanitario. Para ello, deber\u00e1n aguardar que la se\u00f1al luminosa indique que el mismo se encuentra disponible, evitando hacer una fila frente a su ingreso.<\/p>\n\n\n\n<p>Alerta en recorrido: Si alg\u00fan pasajero presenta s\u00edntomas de fiebre y tos, deber\u00e1 ser aislado en lo posible del resto de los pasajeros y mantener una distancia de seguridad de al menos 3 metros y ventilar la zona en la que se encuentra.<\/p>\n\n\n\n<p>Catering, m\u00e1quinas de caf\u00e9 y jugo: quedan moment\u00e1neamente suspendidos los servicios de comidas y bebidas provistos por la empresa de transporte. Los pasajeros s\u00ed podr\u00e1n traer consigo provisiones para consumir durante el trayecto.<\/p>\n\n\n\n<p>Tambi\u00e9n se suspender\u00e1 moment\u00e1neamente todo material de lectura, as\u00ed como tambi\u00e9n objetos como mantas, almohadas y\/o auriculares.<\/p>\n","protected":false},"excerpt":{"rendered":"<p>El Gobierno nacional aprob\u00f3 este mi\u00e9rcoles los protocolos sanitarios para la prevenci\u00f3n del coronavirus Covid-19 que se aplicar\u00e1 desde este jueves en los micros de larga distancia. A trav\u00e9s de la Disposici\u00f3n 271\/2020 de la Comisi\u00f3n Nacional Reguladora del Transporte publicada en el Bolet\u00edn Oficial se sentaron las bases de c\u00f3mo comenzar\u00e1n las vacaciones de &hellip;<\/p>\n","protected":false},"author":2,"featured_media":13956,"comment_status":"open","ping_status":"open","sticky":false,"template":"","format":"standard","meta":{"_jetpack_memberships_contains_paid_content":false,"footnotes":"","jetpack_publicize_message":"","jetpack_publicize_feature_enabled":true,"jetpack_social_post_already_shared":true,"jetpack_social_options":{"image_generator_settings":{"template":"highway","default_image_id":0,"font":"","enabled":false},"version":2}},"categories":[28],"tags":[399,400,398],"class_list":["post-14404","post","type-post","status-publish","format-standard","has-post-thumbnail","hentry","category-actualidad","tag-micros","tag-protocolos","tag-viajes"],"jetpack_publicize_connections":[],"jetpack_featured_media_url":"https:\/\/portalmovil.com.ar\/wp-content\/uploads\/2020\/10\/TerminalOmnibus-SaenzPena-696x480-1.jpg","jetpack_sharing_enabled":true,"amp_enabled":true,"_links":{"self":[{"href":"https:\/\/portalmovil.com.ar\/index.php\/wp-json\/wp\/v2\/posts\/14404","targetHints":{"allow":["GET"]}}],"collection":[{"href":"https:\/\/portalmovil.com.ar\/index.php\/wp-json\/wp\/v2\/posts"}],"about":[{"href":"https:\/\/portalmovil.com.ar\/index.php\/wp-json\/wp\/v2\/types\/post"}],"author":[{"embeddable":true,"href":"https:\/\/portalmovil.com.ar\/index.php\/wp-json\/wp\/v2\/users\/2"}],"replies":[{"embeddable":true,"href":"https:\/\/portalmovil.com.ar\/index.php\/wp-json\/wp\/v2\/comments?post=14404"}],"version-history":[{"count":1,"href":"https:\/\/portalmovil.com.ar\/index.php\/wp-json\/wp\/v2\/posts\/14404\/revisions"}],"predecessor-version":[{"id":14405,"href":"https:\/\/portalmovil.com.ar\/index.php\/wp-json\/wp\/v2\/posts\/14404\/revisions\/14405"}],"wp:featuredmedia":[{"embeddable":true,"href":"https:\/\/portalmovil.com.ar\/index.php\/wp-json\/wp\/v2\/media\/13956"}],"wp:attachment":[{"href":"https:\/\/portalmovil.com.ar\/index.php\/wp-json\/wp\/v2\/media?parent=14404"}],"wp:term":[{"taxonomy":"category","embeddable":true,"href":"https:\/\/portalmovil.com.ar\/index.php\/wp-json\/wp\/v2\/categories?post=14404"},{"taxonomy":"post_tag","embeddable":true,"href":"https:\/\/portalmovil.com.ar\/index.php\/wp-json\/wp\/v2\/tags?post=14404"}],"curies":[{"name":"wp","href":"https:\/\/api.w.org\/{rel}","templated":true}]}}