{"id":14353,"date":"2020-10-21T09:28:35","date_gmt":"2020-10-21T12:28:35","guid":{"rendered":"https:\/\/portalmovil.com.ar\/?p=14353"},"modified":"2020-10-21T15:14:15","modified_gmt":"2020-10-21T18:14:15","slug":"el-gobierno-avanzara-con-el-acuerdo-social-para-acelerar-las-obras-publicas-y-privadas","status":"publish","type":"post","link":"https:\/\/portalmovil.com.ar\/index.php\/2020\/10\/21\/el-gobierno-avanzara-con-el-acuerdo-social-para-acelerar-las-obras-publicas-y-privadas\/","title":{"rendered":"El Gobierno avanzar\u00e1 con el acuerdo social para acelerar las obras p\u00fablicas y privadas"},"content":{"rendered":"\n<p>El Gobierno nacional avanzar\u00e1 este mi\u00e9rcoles en el acuerdo social con sectores empresariales y de los trabajadores, en una reuni\u00f3n en el Ministerio de Econom\u00eda de la que participar\u00e1n la C\u00e1mara de la Construcci\u00f3n, la Uocra y representantes del Poder Legislativo para acelerar las obras publicas y privadas en todo el pa\u00eds, informaron hoy a <strong>T\u00e9lam <\/strong>fuentes oficiales.<\/p>\n\n\n\n<p>El encuentro, a las 18.30, ser\u00e1 encabezado por el jefe de Gabinete, Santiago Cafiero, y el ministro de Econom\u00eda, Mart\u00edn Guzm\u00e1n, y tambi\u00e9n participar\u00e1 la vicejefa de Gabinete, Cecilia Todesca Bocco. adem\u00e1s de los representantes empresariales, del sindicato Uocra y del Congreso.<\/p>\n\n\n\n<p>\u00abLa novedad es que a estas reuniones se suman representantes del Legislativo, porque la idea es sancionar leyes que estimulen al sector de la construcci\u00f3n, un \u00e1rea que dinamiza la econom\u00eda nacional\u00bb, agregaron los portavoces.<\/p>\n\n\n\n<p>El acuerdo social empez\u00f3 a cobrar forma en la primera semana de octubre, cuando Cafiero y Guzm\u00e1n se reunieron con la CGT y sectores empresariales, en la Casa Rosada, y luego se encontraron nuevamente, esta vez con la participaci\u00f3n del Consejo Agroindustrial Argentino.<\/p>\n\n\n\n<p>De esa reuni\u00f3n tambi\u00e9n participaron representantes de los trabajadores como la CGT, la CTA y la CTEP, y las c\u00e1maras de industriales, del comercio y de la construcci\u00f3n, encabezados por Cafiero y Guzm\u00e1n<\/p>\n","protected":false},"excerpt":{"rendered":"<p>El Gobierno nacional avanzar\u00e1 este mi\u00e9rcoles en el acuerdo social con sectores empresariales y de los trabajadores, en una reuni\u00f3n en el Ministerio de Econom\u00eda de la que participar\u00e1n la C\u00e1mara de la Construcci\u00f3n, la Uocra y representantes del Poder Legislativo para acelerar las obras publicas y privadas en todo el pa\u00eds, informaron hoy a &hellip;<\/p>\n","protected":false},"author":2,"featured_media":14354,"comment_status":"open","ping_status":"open","sticky":false,"template":"","format":"standard","meta":{"_jetpack_memberships_contains_paid_content":false,"footnotes":"","jetpack_publicize_message":"","jetpack_publicize_feature_enabled":true,"jetpack_social_post_already_shared":true,"jetpack_social_options":{"image_generator_settings":{"template":"highway","default_image_id":0,"font":"","enabled":false},"version":2}},"categories":[34],"tags":[],"class_list":["post-14353","post","type-post","status-publish","format-standard","has-post-thumbnail","hentry","category-nacional"],"jetpack_publicize_connections":[],"jetpack_featured_media_url":"https:\/\/portalmovil.com.ar\/wp-content\/uploads\/2020\/10\/af-san-juan.jpg","jetpack_sharing_enabled":true,"amp_enabled":true,"_links":{"self":[{"href":"https:\/\/portalmovil.com.ar\/index.php\/wp-json\/wp\/v2\/posts\/14353","targetHints":{"allow":["GET"]}}],"collection":[{"href":"https:\/\/portalmovil.com.ar\/index.php\/wp-json\/wp\/v2\/posts"}],"about":[{"href":"https:\/\/portalmovil.com.ar\/index.php\/wp-json\/wp\/v2\/types\/post"}],"author":[{"embeddable":true,"href":"https:\/\/portalmovil.com.ar\/index.php\/wp-json\/wp\/v2\/users\/2"}],"replies":[{"embeddable":true,"href":"https:\/\/portalmovil.com.ar\/index.php\/wp-json\/wp\/v2\/comments?post=14353"}],"version-history":[{"count":1,"href":"https:\/\/portalmovil.com.ar\/index.php\/wp-json\/wp\/v2\/posts\/14353\/revisions"}],"predecessor-version":[{"id":14355,"href":"https:\/\/portalmovil.com.ar\/index.php\/wp-json\/wp\/v2\/posts\/14353\/revisions\/14355"}],"wp:featuredmedia":[{"embeddable":true,"href":"https:\/\/portalmovil.com.ar\/index.php\/wp-json\/wp\/v2\/media\/14354"}],"wp:attachment":[{"href":"https:\/\/portalmovil.com.ar\/index.php\/wp-json\/wp\/v2\/media?parent=14353"}],"wp:term":[{"taxonomy":"category","embeddable":true,"href":"https:\/\/portalmovil.com.ar\/index.php\/wp-json\/wp\/v2\/categories?post=14353"},{"taxonomy":"post_tag","embeddable":true,"href":"https:\/\/portalmovil.com.ar\/index.php\/wp-json\/wp\/v2\/tags?post=14353"}],"curies":[{"name":"wp","href":"https:\/\/api.w.org\/{rel}","templated":true}]}}