{"id":14255,"date":"2020-10-19T05:00:26","date_gmt":"2020-10-19T08:00:26","guid":{"rendered":"https:\/\/portalmovil.com.ar\/?p=14255"},"modified":"2020-10-18T20:56:42","modified_gmt":"2020-10-18T23:56:42","slug":"policia-caminera-recupero-motos-e-intervino-cargas-con-irregularidades-en-la-documentacion","status":"publish","type":"post","link":"https:\/\/portalmovil.com.ar\/index.php\/2020\/10\/19\/policia-caminera-recupero-motos-e-intervino-cargas-con-irregularidades-en-la-documentacion\/","title":{"rendered":"Polic\u00eda Caminera recuper\u00f3 motos e intervino cargas con irregularidades en la documentaci\u00f3n"},"content":{"rendered":"\n<p>Se intervinieron cargas de ma\u00edz a granel, carb\u00f3n vegetal, le\u00f1a mezcla y madera quebracho colorado. Tres motocicletas con Pedido Activo, ser\u00e1n devueltas a sus verdaderos due\u00f1os.<\/p>\n\n\n\n<h3 class=\"wp-block-heading\"><strong>GANCEDO<\/strong><\/h3>\n\n\n\n<p>El jueves y viernes, efectivos de la Div. Transito Urbano y Patrulla Vial Charata, incautaron 183.260 kilogramos de ma\u00edz a granel.<\/p>\n\n\n\n<p>Ubicados en el Puesto de Control Caminero N\u00b0 7, sobre Ruta Nacional N\u00b089 Km. 311 \u2013Gancedo, detuvieron la circulaci\u00f3n de cuatro camiones marca Iveco, Volkswagen, Ford y Scania, todos con acoplado, conducido por masculinos mayores de edad.<\/p>\n\n\n\n<p>Al momento del control, los choferes manifestaron transportar ma\u00edz a granel, haciendo un total de 119.930 kilogramos, sin poseer habilitaci\u00f3n de Senasa.<\/p>\n\n\n\n<h3 class=\"wp-block-heading\"><strong>CORZUELA<\/strong><\/h3>\n\n\n\n<p>Luego, sobre Ruta Nacional N\u00b0 89 Km. 210-Corzuela, controlaron un cami\u00f3n marca Ford, con acoplado, guiado por un masculino, aduciendo transportar 31.800 kg. de ma\u00edz a granel.<\/p>\n\n\n\n<p>Los Agentes constataron que no ten\u00eda habilitaci\u00f3n de Senasa, para productos alimenticios.<\/p>\n\n\n\n<h3 class=\"wp-block-heading\"><strong>LAS BRE\u00d1AS<\/strong><\/h3>\n\n\n\n<p>El viernes, en otra intervenci\u00f3n de Caminera Charata, interceptaron la circulaci\u00f3n de un cami\u00f3n marca Ford Cargo, con acoplado, transportando 31.530 kg. de ma\u00edz a granel.<\/p>\n\n\n\n<p>Su conductor no ten\u00eda habilitaci\u00f3n de Senasa.<\/p>\n\n\n\n<p>El operativo tuvo lugar sobre Ruta Nacional 89 km. 235-Las Bre\u00f1as.<\/p>\n\n\n\n<p>En todas las intervenciones procedieron a notificar a sus conductores la Sup. Infracci\u00f3n. Una vez finalizada, se les hizo entrega la mercader\u00eda, continuando con su viaje a destino.<\/p>\n\n\n\n<p>Finalizando la jornada de este d\u00eda Viernes, operadores viales, ubicados sobre Ruta Nacional N\u00b0 89 Km. 230-Las Bre\u00f1as, decomisaron 22.000 kg. de Carb\u00f3n Vegetal y 8.000 de Le\u00f1a Campana Mezcla, por irregularidades en las documentaciones.<\/p>\n\n\n\n<p>El producto forestal era transportado en un Cami\u00f3n marca Scania, modelo P94, con acoplado, con destino a la Provincia de Buenos Aires.<\/p>\n\n\n\n<p>Su conductor exhibi\u00f3 Gu\u00eda Forestal y Remito de otra Provincia, avalando la carga transportada, constatando los Agentes que no posee sellado de ingreso a la Provincia del Chaco.<\/p>\n\n\n\n<p>Se dio intervenci\u00f3n a la Delegaci\u00f3n de Bosques Charata quien, interiorizado dispuso el decomiso de la carga.<\/p>\n\n\n\n<h3 class=\"wp-block-heading\"><strong>NAPENAY<\/strong><\/h3>\n\n\n\n<p>Cerca del mediod\u00eda, sobre Ruta N\u00b016 km. 199-Napenay, Caminera de S\u00e1enz Pe\u00f1a, secuestraron 22 postes de madera especie quebracho colorado.<\/p>\n\n\n\n<p>Eran transportados en una Camioneta marca Ford, modelo Ranger, tipo pick up, color gris, guiado por un masculino de 43 a\u00f1os.<\/p>\n\n\n\n<p>Al solicitar los Agentes las documentaciones que avalen la carga, el chofer manifest\u00f3 no poseer Gu\u00eda Forestal ni Remito.<\/p>\n\n\n\n<p>Procedieron a notificar la Sup. Inf. a la Ley de Bosques N\u00b0 2079- R, y al secuestro de la carga, por as\u00ed haberlo dispuesto la Delegaci\u00f3n de Bosques, luego, fueron trasladados hacia la Div. Rural S\u00e1enz Pe\u00f1a, para su resguardo.<\/p>\n\n\n\n<h3 class=\"wp-block-heading\"><strong>RESISTENCIA<\/strong><\/h3>\n\n\n\n<p>En horas de la siesta, del d\u00eda viernes, en el Puesto de Control Puente General Belgrano, recuperaron una motocicleta solicitada por la Comisar\u00eda 2\u00b0 de Barranqueras.<\/p>\n\n\n\n<p>Se trata de una Yamaha, modelo XTZ, 125 c.c; color negra, buscada desde el 21\/03\/2013, por una causa de Sup. Hurto.<\/p>\n\n\n\n<p>Su conductor y la moto fueron trasladados a la Unidad Policial de menci\u00f3n.<\/p>\n\n\n\n<h3 class=\"wp-block-heading\"><strong>SAENZ PE\u00d1A<\/strong><\/h3>\n\n\n\n<p>Cerca de las horas 20:00, en otro operativo, efectivos de Caminera, incautaron una motocicleta marca Yamaha, modelo YBR, 125 c.c; color azul, conducida por un masculino de 25 a\u00f1os.<\/p>\n\n\n\n<p>El rodado presentaba Pedido Activo, por Sup. Hurto, desde fecha 07\/09\/2019, a solicitud de la Comisar\u00eda 3\u00b0 S\u00e1enz Pe\u00f1a.<\/p>\n\n\n\n<p>El operativo fue llevado a cabo en calle 9 entre 06 y 04 B\u00b0 Monse\u00f1or de Carlos.<\/p>\n\n\n\n<h3 class=\"wp-block-heading\"><strong>QUITILIPI<\/strong><\/h3>\n\n\n\n<p>Ayer, en horas de la ma\u00f1ana, continuando con los controles viales, sobre Ruta 16 km. 156 Quitilipi, incautaron una motocicleta marca Gilera, modelo Smach, 110 c.c; color rojo y blanco, ten\u00eda Pedido Activo.<\/p>\n\n\n\n<p>Era buscada desde el 17\/03\/2020, por una causa de Sup. Hurto, con intervenci\u00f3n de la Comisar\u00eda 1\u00b0 S\u00e1enz Pe\u00f1a. El rodado era conducido por un joven de 23 a\u00f1os.<\/p>\n","protected":false},"excerpt":{"rendered":"<p>Se intervinieron cargas de ma\u00edz a granel, carb\u00f3n vegetal, le\u00f1a mezcla y madera quebracho colorado. Tres motocicletas con Pedido Activo, ser\u00e1n devueltas a sus verdaderos due\u00f1os. GANCEDO El jueves y viernes, efectivos de la Div. Transito Urbano y Patrulla Vial Charata, incautaron 183.260 kilogramos de ma\u00edz a granel. Ubicados en el Puesto de Control Caminero &hellip;<\/p>\n","protected":false},"author":2,"featured_media":14256,"comment_status":"open","ping_status":"open","sticky":false,"template":"","format":"standard","meta":{"_jetpack_memberships_contains_paid_content":false,"footnotes":"","jetpack_publicize_message":"","jetpack_publicize_feature_enabled":true,"jetpack_social_post_already_shared":true,"jetpack_social_options":{"image_generator_settings":{"template":"highway","default_image_id":0,"font":"","enabled":false},"version":2}},"categories":[5,8],"tags":[],"class_list":["post-14255","post","type-post","status-publish","format-standard","has-post-thumbnail","hentry","category-chaco","category-policiales"],"jetpack_publicize_connections":[],"jetpack_featured_media_url":"https:\/\/portalmovil.com.ar\/wp-content\/uploads\/2020\/10\/121631325_3510377075709319_5853495421838410300_o.jpg","jetpack_sharing_enabled":true,"amp_enabled":true,"_links":{"self":[{"href":"https:\/\/portalmovil.com.ar\/index.php\/wp-json\/wp\/v2\/posts\/14255","targetHints":{"allow":["GET"]}}],"collection":[{"href":"https:\/\/portalmovil.com.ar\/index.php\/wp-json\/wp\/v2\/posts"}],"about":[{"href":"https:\/\/portalmovil.com.ar\/index.php\/wp-json\/wp\/v2\/types\/post"}],"author":[{"embeddable":true,"href":"https:\/\/portalmovil.com.ar\/index.php\/wp-json\/wp\/v2\/users\/2"}],"replies":[{"embeddable":true,"href":"https:\/\/portalmovil.com.ar\/index.php\/wp-json\/wp\/v2\/comments?post=14255"}],"version-history":[{"count":1,"href":"https:\/\/portalmovil.com.ar\/index.php\/wp-json\/wp\/v2\/posts\/14255\/revisions"}],"predecessor-version":[{"id":14257,"href":"https:\/\/portalmovil.com.ar\/index.php\/wp-json\/wp\/v2\/posts\/14255\/revisions\/14257"}],"wp:featuredmedia":[{"embeddable":true,"href":"https:\/\/portalmovil.com.ar\/index.php\/wp-json\/wp\/v2\/media\/14256"}],"wp:attachment":[{"href":"https:\/\/portalmovil.com.ar\/index.php\/wp-json\/wp\/v2\/media?parent=14255"}],"wp:term":[{"taxonomy":"category","embeddable":true,"href":"https:\/\/portalmovil.com.ar\/index.php\/wp-json\/wp\/v2\/categories?post=14255"},{"taxonomy":"post_tag","embeddable":true,"href":"https:\/\/portalmovil.com.ar\/index.php\/wp-json\/wp\/v2\/tags?post=14255"}],"curies":[{"name":"wp","href":"https:\/\/api.w.org\/{rel}","templated":true}]}}