{"id":1417,"date":"2020-02-05T01:04:45","date_gmt":"2020-02-05T04:04:45","guid":{"rendered":"http:\/\/portalmovil.com.ar\/?p=1417"},"modified":"2020-02-05T01:04:55","modified_gmt":"2020-02-05T04:04:55","slug":"guzman-se-reunio-con-georgieva-y-acordaron-seguir-profundizando-el-dialogo-cuando-llegue-la-mision-del-fmi","status":"publish","type":"post","link":"https:\/\/portalmovil.com.ar\/index.php\/2020\/02\/05\/guzman-se-reunio-con-georgieva-y-acordaron-seguir-profundizando-el-dialogo-cuando-llegue-la-mision-del-fmi\/","title":{"rendered":"Guzm\u00e1n se reuni\u00f3 con Georgieva y acordaron \u00abseguir profundizando el di\u00e1logo\u00bb cuando llegue la misi\u00f3n del FMI"},"content":{"rendered":"\n<p><strong>El ministro de Econom\u00eda, Mart\u00edn Guzm\u00e1n, y la directora gerente del FMI, anticiparon el encuentro que ten\u00edan previsto para este mi\u00e9rcoles<\/strong>\u00a0y compartieron una cena en la embajada argentina en Roma en la noche del martes.\u00a0<strong>Ambos, por separado, calificaron el encuentro como \u201cmuy constructivo\u201d<\/strong>\u00a0y coincidieron en se\u00f1alar que el eje del di\u00e1logo entre ambos fue \u201cintercambiar opiniones sobre el programa econ\u00f3mico en marcha y las pol\u00edticas en curso para resolver la crisis de la deuda soberana en forma sostenible\u201d.<\/p>\n\n\n\n<figure class=\"wp-block-embed-twitter wp-block-embed is-type-rich is-provider-twitter\"><div class=\"wp-block-embed__wrapper\">\n<div class=\"embed-twitter\"><blockquote class=\"twitter-tweet\" data-width=\"500\" data-dnt=\"true\"><p lang=\"en\" dir=\"ltr\">Productive meeting with Minister <a href=\"https:\/\/twitter.com\/Martin_M_Guzman?ref_src=twsrc%5Etfw\">@Martin_M_Guzman<\/a> today. Our common objective is to see Argentina recover, and growth and jobs to return for the benefit of all Argentineans. My staff and I look forward to our continuous engagement. <a href=\"https:\/\/t.co\/usFPwsarcI\">https:\/\/t.co\/usFPwsarcI<\/a> <a href=\"https:\/\/t.co\/keCPUmH6Ke\">pic.twitter.com\/keCPUmH6Ke<\/a><\/p>&mdash; Kristalina Georgieva (@KGeorgieva) <a href=\"https:\/\/twitter.com\/KGeorgieva\/status\/1224831499784138754?ref_src=twsrc%5Etfw\">February 4, 2020<\/a><\/blockquote><script async src=\"https:\/\/platform.twitter.com\/widgets.js\" charset=\"utf-8\"><\/script><\/div>\n<\/div><\/figure>\n\n\n\n<p>Mart\u00edn Guzm\u00e1n detall\u00f3 que, en el intercambio de opiniones sobre el programa econ\u00f3mico, se hizo especial distinci\u00f3n \u201centre medidas para lidiar con la situaci\u00f3n actual de emergencia econ\u00f3mica y aquellas para solucionar problemas estructurales de la econom\u00eda\u201d. Subray\u00f3, por otra parte, que \u201ctambi\u00e9n discutimos las pol\u00edticas en curso para resolver la crisis de deuda soberana de forma sostenible\u201d.<\/p>\n\n\n\n<p>La directora gerente del FMI describi\u00f3 la reuni\u00f3n como \u201cuna oportunidad para continuar con nuestro di\u00e1logo en curso sobre el programa econ\u00f3mico de la Argentina y la colaboraci\u00f3n con el FMI; intercambiamos opiniones sobre las medidas adoptadas por las autoridades hasta el momento y sus pol\u00edticas econ\u00f3micas\u201d.<\/p>\n\n\n\n<p>\u201cComo dije en previas ocasiones,\u00a0<strong>somos conscientes de la dif\u00edcil situaci\u00f3n socioecon\u00f3mica que enfrenta la Argentina y su poblaci\u00f3n\u201d, expres\u00f3 Kristalina Georgieva<\/strong>\u00a0tras el encuentro, \u201cy compartimos plenamente el objetivo del presidente (Alberto) Fern\u00e1ndez de estabilizar la econom\u00eda, proteger a los m\u00e1s vulnerables de la sociedad y garantizar un crecimiento m\u00e1s sostenible e inclusivo\u201d, t\u00e9rminos, sobre todo el \u00faltimo, sorprendentes en el lenguaje de un alto directivo del FMI. De inmediato,\u00a0<strong>la titular del Fondo le dedic\u00f3 una elogio a la gesti\u00f3n del actual conducci\u00f3n econ\u00f3mica al apuntar que \u201clas medidas adoptadas hasta el momento van en la direcci\u00f3n de restaurar la estabilidad macroecon\u00f3mica y proteger a los pobres\u201d<\/strong>.<\/p>\n\n\n\n<p>Para la semana pr\u00f3xima, est\u00e1 prevista la visita del equipo t\u00e9cnico del FMI a Buenos Aires. Tanto el ministro Guzm\u00e1n como la funcionara b\u00falgara que reemplaz\u00f3 a Christine Lagarde, destacaron \u201cla oportunidad para profundizar el di\u00e1logo\u201d entre las autoridades del pa\u00eds y el organismo. \u201cPodremos aprender m\u00e1s sobre la estrategia de las autoridades para abordar la situaci\u00f3n de la deuda de Argentina\u201d, manifest\u00f3 Georgieva al respecto. \u201cMi personal y yo estamos dispuestos a continuar apoyando a las autoridades, nuestro objetivo com\u00fan es ver que la Argentina se recupere y que el crecimiento y el empleo regresen para el beneficio de todos los argentinos\u201d, dijo la titular del Fondo.&nbsp;<\/p>\n","protected":false},"excerpt":{"rendered":"<p>El ministro de Econom\u00eda, Mart\u00edn Guzm\u00e1n, y la directora gerente del FMI, anticiparon el encuentro que ten\u00edan previsto para este mi\u00e9rcoles\u00a0y compartieron una cena en la embajada argentina en Roma en la noche del martes.\u00a0Ambos, por separado, calificaron el encuentro como \u201cmuy constructivo\u201d\u00a0y coincidieron en se\u00f1alar que el eje del di\u00e1logo entre ambos fue \u201cintercambiar &hellip;<\/p>\n","protected":false},"author":2,"featured_media":1418,"comment_status":"open","ping_status":"open","sticky":false,"template":"","format":"standard","meta":{"_jetpack_memberships_contains_paid_content":false,"footnotes":"","jetpack_publicize_message":"","jetpack_publicize_feature_enabled":true,"jetpack_social_post_already_shared":true,"jetpack_social_options":{"image_generator_settings":{"template":"highway","default_image_id":0,"font":"","enabled":false},"version":2}},"categories":[28,14,12],"tags":[],"class_list":["post-1417","post","type-post","status-publish","format-standard","has-post-thumbnail","hentry","category-actualidad","category-politica","category-ultimo"],"jetpack_publicize_connections":[],"jetpack_featured_media_url":"https:\/\/portalmovil.com.ar\/wp-content\/uploads\/2020\/02\/guzman.jpg","jetpack_sharing_enabled":true,"amp_enabled":true,"_links":{"self":[{"href":"https:\/\/portalmovil.com.ar\/index.php\/wp-json\/wp\/v2\/posts\/1417","targetHints":{"allow":["GET"]}}],"collection":[{"href":"https:\/\/portalmovil.com.ar\/index.php\/wp-json\/wp\/v2\/posts"}],"about":[{"href":"https:\/\/portalmovil.com.ar\/index.php\/wp-json\/wp\/v2\/types\/post"}],"author":[{"embeddable":true,"href":"https:\/\/portalmovil.com.ar\/index.php\/wp-json\/wp\/v2\/users\/2"}],"replies":[{"embeddable":true,"href":"https:\/\/portalmovil.com.ar\/index.php\/wp-json\/wp\/v2\/comments?post=1417"}],"version-history":[{"count":1,"href":"https:\/\/portalmovil.com.ar\/index.php\/wp-json\/wp\/v2\/posts\/1417\/revisions"}],"predecessor-version":[{"id":1419,"href":"https:\/\/portalmovil.com.ar\/index.php\/wp-json\/wp\/v2\/posts\/1417\/revisions\/1419"}],"wp:featuredmedia":[{"embeddable":true,"href":"https:\/\/portalmovil.com.ar\/index.php\/wp-json\/wp\/v2\/media\/1418"}],"wp:attachment":[{"href":"https:\/\/portalmovil.com.ar\/index.php\/wp-json\/wp\/v2\/media?parent=1417"}],"wp:term":[{"taxonomy":"category","embeddable":true,"href":"https:\/\/portalmovil.com.ar\/index.php\/wp-json\/wp\/v2\/categories?post=1417"},{"taxonomy":"post_tag","embeddable":true,"href":"https:\/\/portalmovil.com.ar\/index.php\/wp-json\/wp\/v2\/tags?post=1417"}],"curies":[{"name":"wp","href":"https:\/\/api.w.org\/{rel}","templated":true}]}}