{"id":1396,"date":"2020-02-04T15:03:34","date_gmt":"2020-02-04T18:03:34","guid":{"rendered":"http:\/\/portalmovil.com.ar\/?p=1396"},"modified":"2020-02-04T15:03:46","modified_gmt":"2020-02-04T18:03:46","slug":"margarita-belen-un-caballo-era-azotado-por-una-cadena-3-hombres-fueron-demorados","status":"publish","type":"post","link":"https:\/\/portalmovil.com.ar\/index.php\/2020\/02\/04\/margarita-belen-un-caballo-era-azotado-por-una-cadena-3-hombres-fueron-demorados\/","title":{"rendered":"Margarita Bel\u00e9n: Un caballo era azotado por una cadena, 3 hombres fueron demorados"},"content":{"rendered":"\n<p>En la jornada de ayer por la tarde,  fueron demorados tres hombres, dos mayores y un menor, los mismos castigaban con una cadena a un equino sobre calle Francisco Agostini, en la localidad mencionada.<\/p>\n\n\n\n<p><br>A simple vista, indica el parte policial, \u201cten\u00eda el ojo derecho lastimado, con heridas abiertas sobre el paso de cinta y espejuelo, de ambos lados\u201d.<br><br>Los agentes advirtieron del maltrato animal cuando los j\u00f3venes pretend\u00edan que el caballo avanzara tirando de un carro. A ra\u00edz de ello, alertaron a los j\u00f3venes que detengan la marcha, pero continuaban maltratando al animal por lo que los agentes decidieron demorarlos.<\/p>\n\n\n\n<p>Se trata de un menor de 11, un adolescente de 18 y un joven de 26 a\u00f1os. Se les notific\u00f3 de su conducta y la infracci\u00f3n a la ley de maltrato animal, se secuestr\u00f3 el caballo y los elementos que usaban para castigar al animal, entre ellos un trozo de cadena, y el carro.<\/p>\n\n\n\n<figure class=\"wp-block-image size-large\"><img loading=\"lazy\" decoding=\"async\" width=\"947\" height=\"917\" src=\"https:\/\/portalmovil.com.ar\/wp-content\/uploads\/2020\/02\/2-1.jpg\" alt=\"\" class=\"wp-image-1398\" srcset=\"https:\/\/portalmovil.com.ar\/wp-content\/uploads\/2020\/02\/2-1.jpg 947w, https:\/\/portalmovil.com.ar\/wp-content\/uploads\/2020\/02\/2-1-300x290.jpg 300w, https:\/\/portalmovil.com.ar\/wp-content\/uploads\/2020\/02\/2-1-768x744.jpg 768w\" sizes=\"auto, (max-width: 947px) 100vw, 947px\" \/><\/figure>\n\n\n\n<p>El fiscal en turno dispuso que se instruyan las actuaciones pertinentes y se deje en libertad a los mayores. El menor fue entregado a sus progenitores.<\/p>\n\n\n\n<p>El m\u00e9dico veterinario de la Divisi\u00f3n Rural Metropolitana examin\u00f3 y asisti\u00f3 al equino.\n\n<\/p>\n","protected":false},"excerpt":{"rendered":"<p>En la jornada de ayer por la tarde, fueron demorados tres hombres, dos mayores y un menor, los mismos castigaban con una cadena a un equino sobre calle Francisco Agostini, en la localidad mencionada. A simple vista, indica el parte policial, \u201cten\u00eda el ojo derecho lastimado, con heridas abiertas sobre el paso de cinta y &hellip;<\/p>\n","protected":false},"author":2,"featured_media":1397,"comment_status":"open","ping_status":"open","sticky":false,"template":"","format":"standard","meta":{"_jetpack_memberships_contains_paid_content":false,"footnotes":"","jetpack_publicize_message":"","jetpack_publicize_feature_enabled":true,"jetpack_social_post_already_shared":true,"jetpack_social_options":{"image_generator_settings":{"template":"highway","default_image_id":0,"font":"","enabled":false},"version":2}},"categories":[5],"tags":[],"class_list":["post-1396","post","type-post","status-publish","format-standard","has-post-thumbnail","hentry","category-chaco"],"jetpack_publicize_connections":[],"jetpack_featured_media_url":"https:\/\/portalmovil.com.ar\/wp-content\/uploads\/2020\/02\/1-1.jpg","jetpack_sharing_enabled":true,"amp_enabled":true,"_links":{"self":[{"href":"https:\/\/portalmovil.com.ar\/index.php\/wp-json\/wp\/v2\/posts\/1396","targetHints":{"allow":["GET"]}}],"collection":[{"href":"https:\/\/portalmovil.com.ar\/index.php\/wp-json\/wp\/v2\/posts"}],"about":[{"href":"https:\/\/portalmovil.com.ar\/index.php\/wp-json\/wp\/v2\/types\/post"}],"author":[{"embeddable":true,"href":"https:\/\/portalmovil.com.ar\/index.php\/wp-json\/wp\/v2\/users\/2"}],"replies":[{"embeddable":true,"href":"https:\/\/portalmovil.com.ar\/index.php\/wp-json\/wp\/v2\/comments?post=1396"}],"version-history":[{"count":1,"href":"https:\/\/portalmovil.com.ar\/index.php\/wp-json\/wp\/v2\/posts\/1396\/revisions"}],"predecessor-version":[{"id":1399,"href":"https:\/\/portalmovil.com.ar\/index.php\/wp-json\/wp\/v2\/posts\/1396\/revisions\/1399"}],"wp:featuredmedia":[{"embeddable":true,"href":"https:\/\/portalmovil.com.ar\/index.php\/wp-json\/wp\/v2\/media\/1397"}],"wp:attachment":[{"href":"https:\/\/portalmovil.com.ar\/index.php\/wp-json\/wp\/v2\/media?parent=1396"}],"wp:term":[{"taxonomy":"category","embeddable":true,"href":"https:\/\/portalmovil.com.ar\/index.php\/wp-json\/wp\/v2\/categories?post=1396"},{"taxonomy":"post_tag","embeddable":true,"href":"https:\/\/portalmovil.com.ar\/index.php\/wp-json\/wp\/v2\/tags?post=1396"}],"curies":[{"name":"wp","href":"https:\/\/api.w.org\/{rel}","templated":true}]}}