{"id":1388,"date":"2020-02-04T13:45:08","date_gmt":"2020-02-04T16:45:08","guid":{"rendered":"http:\/\/portalmovil.com.ar\/?p=1388"},"modified":"2020-02-04T13:45:16","modified_gmt":"2020-02-04T16:45:16","slug":"alberto-fernandez-ya-se-encuentra-reunido-con-pedro-sanchez","status":"publish","type":"post","link":"https:\/\/portalmovil.com.ar\/index.php\/2020\/02\/04\/alberto-fernandez-ya-se-encuentra-reunido-con-pedro-sanchez\/","title":{"rendered":"Alberto Fern\u00e1ndez ya se encuentra reunido con Pedro S\u00e1nchez"},"content":{"rendered":"\n<p>El presidente argentino\u00a0<strong>Alberto Fern\u00e1ndez<\/strong>\u00a0lleg\u00f3 al Palacio de la Moncloa para reunirse con el l\u00edder del Gobierno espa\u00f1ol,\u00a0<strong>Pedro S\u00e1nchez<\/strong>, en el marco de la gira europea que comenz\u00f3 d\u00edas atr\u00e1s en Italia. <\/p>\n\n\n\n<p><strong>Fern\u00e1ndez buscar\u00e1 seguir cosechando apoyos de los mandatarios europeos de cara a la renegociaci\u00f3n de la enorme deuda<\/strong>&nbsp;que hered\u00f3 del Gobierno de Macri con los acreedores privados y el Fondo Monetario Internacional.<\/p>\n\n\n\n<p>Antes de reunirse con S\u00e1nchez,&nbsp;<strong>Fern\u00e1ndez realiz\u00f3 una visita a la embajada argentina en Espa\u00f1a<\/strong>, ubicada en el barrio c\u00e9ntrico de Salamanca. Previo a la reuni\u00f3n que mantuvo con el embajador Ram\u00f3n Puerta, el presidente argentino recibi\u00f3 el afecto de argentinos que se acercaron al edificio consular.<\/p>\n\n\n\n<figure class=\"wp-block-image size-large\"><img loading=\"lazy\" decoding=\"async\" width=\"960\" height=\"720\" src=\"https:\/\/portalmovil.com.ar\/wp-content\/uploads\/2020\/02\/unnamed-2.jpg\" alt=\"\" class=\"wp-image-1389\" srcset=\"https:\/\/portalmovil.com.ar\/wp-content\/uploads\/2020\/02\/unnamed-2.jpg 960w, https:\/\/portalmovil.com.ar\/wp-content\/uploads\/2020\/02\/unnamed-2-300x225.jpg 300w, https:\/\/portalmovil.com.ar\/wp-content\/uploads\/2020\/02\/unnamed-2-768x576.jpg 768w\" sizes=\"auto, (max-width: 960px) 100vw, 960px\" \/><figcaption> <em>Foto: Mila Novo<\/em><br><strong><em>Jessica Barraza, del Frente de Todos en Madrid, afirm\u00f3 que muchos argentinos que residen en Madrid est\u00e1n esperanzados con el Gobierno de Fern\u00e1ndez porque se ha nombrado a \u201cpersonas id\u00f3neas\u201d en el Gabinete, que podr\u00e1n hacer frente a la \u201ccrisis social\u201d que sufre el pa\u00eds.<br>Acompa\u00f1ado por la primera dama, Fabiola Y\u00e1\u00f1ez, el vocero presidencial Juan Pablo Biondi, y el diputado Eduardo Vald\u00e9s, entre otros integrantes de la comitiva, Fern\u00e1ndez agradeci\u00f3 a los argentinos que se acercaron a saludarlo. <\/em><\/strong><\/figcaption><\/figure>\n\n\n\n<p>El Gobierno de Pedro S\u00e1nchez, formado hace solo semanas, ha dado muestras en su propia gesti\u00f3n de la importancia de honrar las deudas y controlar el d\u00e9ficit fiscal sin afectar el crecimiento de la econom\u00eda y la creaci\u00f3n de empleo. Una f\u00f3rmula similar con la que el Gobierno argentino intentar obtener el apoyo de los l\u00edderes <\/p>\n","protected":false},"excerpt":{"rendered":"<p>El presidente argentino\u00a0Alberto Fern\u00e1ndez\u00a0lleg\u00f3 al Palacio de la Moncloa para reunirse con el l\u00edder del Gobierno espa\u00f1ol,\u00a0Pedro S\u00e1nchez, en el marco de la gira europea que comenz\u00f3 d\u00edas atr\u00e1s en Italia. Fern\u00e1ndez buscar\u00e1 seguir cosechando apoyos de los mandatarios europeos de cara a la renegociaci\u00f3n de la enorme deuda&nbsp;que hered\u00f3 del Gobierno de Macri con &hellip;<\/p>\n","protected":false},"author":2,"featured_media":1390,"comment_status":"open","ping_status":"open","sticky":true,"template":"","format":"standard","meta":{"_jetpack_memberships_contains_paid_content":false,"footnotes":"","jetpack_publicize_message":"","jetpack_publicize_feature_enabled":true,"jetpack_social_post_already_shared":true,"jetpack_social_options":{"image_generator_settings":{"template":"highway","default_image_id":0,"font":"","enabled":false},"version":2}},"categories":[28,14,12],"tags":[],"class_list":["post-1388","post","type-post","status-publish","format-standard","has-post-thumbnail","hentry","category-actualidad","category-politica","category-ultimo"],"jetpack_publicize_connections":[],"jetpack_featured_media_url":"https:\/\/portalmovil.com.ar\/wp-content\/uploads\/2020\/02\/whatsapp-20image-202020-02-04-20at-2010-30-16-20am.jpg","jetpack_sharing_enabled":true,"amp_enabled":true,"_links":{"self":[{"href":"https:\/\/portalmovil.com.ar\/index.php\/wp-json\/wp\/v2\/posts\/1388","targetHints":{"allow":["GET"]}}],"collection":[{"href":"https:\/\/portalmovil.com.ar\/index.php\/wp-json\/wp\/v2\/posts"}],"about":[{"href":"https:\/\/portalmovil.com.ar\/index.php\/wp-json\/wp\/v2\/types\/post"}],"author":[{"embeddable":true,"href":"https:\/\/portalmovil.com.ar\/index.php\/wp-json\/wp\/v2\/users\/2"}],"replies":[{"embeddable":true,"href":"https:\/\/portalmovil.com.ar\/index.php\/wp-json\/wp\/v2\/comments?post=1388"}],"version-history":[{"count":1,"href":"https:\/\/portalmovil.com.ar\/index.php\/wp-json\/wp\/v2\/posts\/1388\/revisions"}],"predecessor-version":[{"id":1391,"href":"https:\/\/portalmovil.com.ar\/index.php\/wp-json\/wp\/v2\/posts\/1388\/revisions\/1391"}],"wp:featuredmedia":[{"embeddable":true,"href":"https:\/\/portalmovil.com.ar\/index.php\/wp-json\/wp\/v2\/media\/1390"}],"wp:attachment":[{"href":"https:\/\/portalmovil.com.ar\/index.php\/wp-json\/wp\/v2\/media?parent=1388"}],"wp:term":[{"taxonomy":"category","embeddable":true,"href":"https:\/\/portalmovil.com.ar\/index.php\/wp-json\/wp\/v2\/categories?post=1388"},{"taxonomy":"post_tag","embeddable":true,"href":"https:\/\/portalmovil.com.ar\/index.php\/wp-json\/wp\/v2\/tags?post=1388"}],"curies":[{"name":"wp","href":"https:\/\/api.w.org\/{rel}","templated":true}]}}