{"id":13804,"date":"2020-10-09T16:05:42","date_gmt":"2020-10-09T19:05:42","guid":{"rendered":"https:\/\/portalmovil.com.ar\/?p=13804"},"modified":"2020-10-09T16:05:46","modified_gmt":"2020-10-09T19:05:46","slug":"nacion-aprobo-la-declaracion-de-emergencia-agropecuaria-para-chaco","status":"publish","type":"post","link":"https:\/\/portalmovil.com.ar\/index.php\/2020\/10\/09\/nacion-aprobo-la-declaracion-de-emergencia-agropecuaria-para-chaco\/","title":{"rendered":"Naci\u00f3n aprob\u00f3 la declaraci\u00f3n de emergencia agropecuaria para Chaco"},"content":{"rendered":"\n<p>La Comisi\u00f3n Nacional de Emergencia y Desastres Agropecuarios aprob\u00f3 este viernes la reciente declaraci\u00f3n de emergencia para ese sector decretada por el gobierno chaque\u00f1o el pasado 2 de octubre. La declaraci\u00f3n contempla a la totalidad del territorio provincial para las actividades de agricultura, ganader\u00eda, sector forestal y ap\u00edcola, y la extiende \u00aben forma nominativa a los productores cuyas explotaciones han sido afectadas por los d\u00e9ficits h\u00eddricos\u00bb.<\/p>\n\n\n\n<p>La aprobaci\u00f3n del decreto se dio este viernes en el marco de una reuni\u00f3n -v\u00eda videoconferencia- de la comisi\u00f3n nacional de la que particip\u00f3 el ministro de Producci\u00f3n, Industria y Empleo Sebasti\u00e1n Lifton. \u201cDestacamos la celeridad y prioridad con la que la comisi\u00f3n abord\u00f3 el tema y la ratificaci\u00f3n y acompa\u00f1amiento a una herramienta que consideramos ser\u00e1 clave para atender el cuadro de d\u00e9ficit h\u00eddrico que atraviesa la provincia\u201d, resalt\u00f3 Lifton.<\/p>\n\n\n\n<p>La declaraci\u00f3n de emergencia tendr\u00e1 una vigencia de 180 d\u00edas -desde el 1 de octubre- y faculta al Ministerio de Producci\u00f3n a otorgar los correspondientes certificados de emergencia a los productores afectados a fin de certificar la real afectaci\u00f3n por d\u00e9ficits h\u00eddricos, la que deber\u00e1 ser superior al cincuenta por ciento de su producci\u00f3n o capacidad de producci\u00f3n.<\/p>\n\n\n\n<p>La medida, fijada en el decreto provincial, se enmarca en concordancia con la Ley Nacional 26.509, del Sistema Nacional para la Prevenci\u00f3n y Mitigaci\u00f3n de Emergencias y Desastres Agropecuarios. \u00abLos \u00edndices de humedad en suelo se encuentran entre los dos peores registros desde 1961 a la fecha y las expectativas de indicadores indican que la situaci\u00f3n podr\u00eda mantenerse igual en los pr\u00f3ximos meses, por lo tanto agradecemos la celeridad con la cual la comisi\u00f3n nacional trat\u00f3 la solicitud de la Provincia\u00bb, enfatiz\u00f3 el ministro.<\/p>\n\n\n\n<p>De la reuni\u00f3n virtual de este viernes participaron el subsecretario de Coordinaci\u00f3n del Ministerio de Agricultura de la Naci\u00f3n, Ariel Mart\u00ednez; los subsecretarios provinciales Sebasti\u00e1n Bravo (Ganader\u00eda) y Flavia Francescutti (Agricultura); y referentes de distintas entidades agropecuarias que forman parte de la comisi\u00f3n<\/p>\n","protected":false},"excerpt":{"rendered":"<p>La Comisi\u00f3n Nacional de Emergencia y Desastres Agropecuarios aprob\u00f3 este viernes la reciente declaraci\u00f3n de emergencia para ese sector decretada por el gobierno chaque\u00f1o el pasado 2 de octubre. La declaraci\u00f3n contempla a la totalidad del territorio provincial para las actividades de agricultura, ganader\u00eda, sector forestal y ap\u00edcola, y la extiende \u00aben forma nominativa a &hellip;<\/p>\n","protected":false},"author":2,"featured_media":13805,"comment_status":"open","ping_status":"open","sticky":false,"template":"","format":"standard","meta":{"_jetpack_memberships_contains_paid_content":false,"footnotes":"","jetpack_publicize_message":"","jetpack_publicize_feature_enabled":true,"jetpack_social_post_already_shared":true,"jetpack_social_options":{"image_generator_settings":{"template":"highway","default_image_id":0,"font":"","enabled":false},"version":2}},"categories":[5],"tags":[],"class_list":["post-13804","post","type-post","status-publish","format-standard","has-post-thumbnail","hentry","category-chaco"],"jetpack_publicize_connections":[],"jetpack_featured_media_url":"https:\/\/portalmovil.com.ar\/wp-content\/uploads\/2020\/10\/SEQUIA.jpg","jetpack_sharing_enabled":true,"amp_enabled":true,"_links":{"self":[{"href":"https:\/\/portalmovil.com.ar\/index.php\/wp-json\/wp\/v2\/posts\/13804","targetHints":{"allow":["GET"]}}],"collection":[{"href":"https:\/\/portalmovil.com.ar\/index.php\/wp-json\/wp\/v2\/posts"}],"about":[{"href":"https:\/\/portalmovil.com.ar\/index.php\/wp-json\/wp\/v2\/types\/post"}],"author":[{"embeddable":true,"href":"https:\/\/portalmovil.com.ar\/index.php\/wp-json\/wp\/v2\/users\/2"}],"replies":[{"embeddable":true,"href":"https:\/\/portalmovil.com.ar\/index.php\/wp-json\/wp\/v2\/comments?post=13804"}],"version-history":[{"count":1,"href":"https:\/\/portalmovil.com.ar\/index.php\/wp-json\/wp\/v2\/posts\/13804\/revisions"}],"predecessor-version":[{"id":13806,"href":"https:\/\/portalmovil.com.ar\/index.php\/wp-json\/wp\/v2\/posts\/13804\/revisions\/13806"}],"wp:featuredmedia":[{"embeddable":true,"href":"https:\/\/portalmovil.com.ar\/index.php\/wp-json\/wp\/v2\/media\/13805"}],"wp:attachment":[{"href":"https:\/\/portalmovil.com.ar\/index.php\/wp-json\/wp\/v2\/media?parent=13804"}],"wp:term":[{"taxonomy":"category","embeddable":true,"href":"https:\/\/portalmovil.com.ar\/index.php\/wp-json\/wp\/v2\/categories?post=13804"},{"taxonomy":"post_tag","embeddable":true,"href":"https:\/\/portalmovil.com.ar\/index.php\/wp-json\/wp\/v2\/tags?post=13804"}],"curies":[{"name":"wp","href":"https:\/\/api.w.org\/{rel}","templated":true}]}}