{"id":13477,"date":"2020-10-03T13:06:32","date_gmt":"2020-10-03T16:06:32","guid":{"rendered":"https:\/\/portalmovil.com.ar\/?p=13477"},"modified":"2020-10-03T13:06:34","modified_gmt":"2020-10-03T16:06:34","slug":"alberto-fernandez-sobre-nestor-kirchner-fue-el-mejor-presidente-que-tuvo-la-democracia","status":"publish","type":"post","link":"https:\/\/portalmovil.com.ar\/index.php\/2020\/10\/03\/alberto-fernandez-sobre-nestor-kirchner-fue-el-mejor-presidente-que-tuvo-la-democracia\/","title":{"rendered":"Alberto Fern\u00e1ndez, sobre N\u00e9stor Kirchner: \u00abFue el mejor presidente que tuvo la democracia\u201d"},"content":{"rendered":"\n<p>El presidente Alberto Fern\u00e1ndez sostuvo que N\u00e9stor Kirchner fue \u00abel mejor\u00bb jefe de Estado \u00abque tuvo la democracia\u00bb argentina, y destac\u00f3 su \u00abcapacidad pol\u00edtica y de gesti\u00f3n excepcional\u00bb, al recordar detalles de su relaci\u00f3n en un el libro \u00abN\u00e9stor, el hombre que cambi\u00f3 todo\u00bb, de Jorge &#8216;Topo&#8217; Devoto. <\/p>\n\n\n\n<p>En el libro que publica la editorial Planeta a pocos d\u00edas de cumplirse 10 a\u00f1os de la muerte del exmandatario, Fern\u00e1ndez escribi\u00f3 un cap\u00edtulo denominado \u201cMi historia con N\u00e9stor Kirchner, el mejor presidente que tuvo la democracia\u201d, que publica hoy el sitio <em><strong>Infobae<\/strong><\/em>. <\/p>\n\n\n\n<p>En el texto completo, Devoto re\u00fane historias personales, an\u00e9cdotas pol\u00edticas, estrategias compartidas, recuerdos y escenas desconocidas de la vida del dirigente peronista santacruce\u00f1o. <\/p>\n\n\n\n<p>\u00abPara m\u00ed, N\u00e9stor fue el mejor presidente que tuvo la democracia. Cuando asum\u00ed la presidencia, muchos me preguntaron qu\u00e9 me gustar\u00eda decirle. Le dir\u00eda: \u00abVolvamos a hacerlo, pero ahora ayudame vos\u00bb\u00bb, cierra el cap\u00edtulo escrito por el primer mandatario. <\/p>\n\n\n\n<p>En su escrito, Fern\u00e1ndez destac\u00f3 que Kirchner \u00abfue un tipo de una capacidad pol\u00edtica y de gesti\u00f3n excepcional\u00bb y remarc\u00f3 tres hitos que marcaron su gesti\u00f3n: \u00abLa reformulaci\u00f3n de la Corte y la justicia, los derechos humanos, y el tema de la deuda vinculado a la producci\u00f3n y el empleo\u00bb. <\/p>\n\n\n\n<p>\u00abN\u00e9stor sostuvo muy bien la convivencia democr\u00e1tica. Esquiv\u00f3 muchas de las confrontaciones, busc\u00f3 la m\u00e1xima unidad posible entre quienes impulsan un pa\u00eds para que pueda crecer con inclusi\u00f3n. Pudo romper la barrera del peronismo con la transversalidad, durante toda su gesti\u00f3n pudo construir junto a gran parte del radicalismo. Y eso funcion\u00f3 bien hasta la 125\u00bb, record\u00f3 el Presidente. <\/p>\n\n\n\n<p>Tambi\u00e9n recuerda la \u00faltima vez que habl\u00f3 con \u00e9l: \u00abNunca olvidar\u00e9 la \u00faltima vez que hablamos. N\u00e9stor hab\u00eda participado en un acto en el Luna Park organizado por los j\u00f3venes. Lo vi muy cansado, lo llam\u00e9 y le dije que por favor se cuidara. Me respondi\u00f3 que no cayera en las operaciones de la prensa, que quer\u00edan mostrarlo d\u00e9bil. Le dije que yo lo hab\u00eda visto y que s\u00ed era importante que se cuidara\u00bb, escribi\u00f3. <\/p>\n\n\n\n<p>\u00abEl 27 de octubre del 2010 me enter\u00e9 temprano en la ma\u00f1ana que nos hab\u00eda dejado. Me invadi\u00f3 una enorme tristeza, una enorme desorientaci\u00f3n. Recuerdo que sal\u00ed de mi casa y conduje sin destino por el bajo, de ida y vuelta a ninguna parte. A la tarde fui a la Casa Rosada, solo quer\u00eda rezarle un padrenuestro. Y esa fue mi despedida\u00bb, sostuvo el jefe de Estado. <\/p>\n\n\n\n<p>En el texto, Fern\u00e1ndez repasa su encuentro inicial con Kirchner en 1996, la colaboraci\u00f3n en la campa\u00f1a presidencial de Eduardo Duhalde de 1999, la conformaci\u00f3n de un grupo de peronistas en disidencia con el menemismo llamado Grupo Calafate y la gesti\u00f3n durante la presidencia donde fue jefe de Gabinete de Kirchner. <\/p>\n\n\n\n<p>El cap\u00edtulo se inicia recordando el momento en que conoci\u00f3 al entonces gobernador de Santa Cruz: \u201c\u2019Kirchner te quiere conocer\u2019, me dijo Eduardo Vald\u00e9s\u201d. <\/p>\n\n\n\n<p>\u201cEsa primera reuni\u00f3n puso en evidencia nuestras muchas coincidencias. Sent\u00ed que N\u00e9stor era el pol\u00edtico que yo buscaba y \u00e9l sinti\u00f3 que yo pod\u00eda ayudarlo. Hablamos de todos los temas hasta la una y media de la ma\u00f1ana. \u00c9l era cr\u00edtico de las pol\u00edticas excluyentes del menemismo\u201d, record\u00f3. <\/p>\n\n\n\n<p>Sobre el inicio de la relaci\u00f3n entre ambos, indic\u00f3: \u201cDesde ese d\u00eda, de all\u00ed en m\u00e1s, cada vez que viajaba a Buenos Aires siempre me llamaba para almorzar, cenar o tan solo para compartir un caf\u00e9 y una charla\u201d. <\/p>\n\n\n\n<p>En un pasaje del art\u00edculo, el primer mandatario se\u00f1al\u00f3 que antes de que Kirchner sea el candidato a presidente en 2003 avalado por Duhalde hab\u00edan hecho encuestas y la \u00fanica opci\u00f3n para crecer era un pacto pol\u00edtico con la diputada del ARI, Elisa Carri\u00f3. <\/p>\n\n\n\n<p>\u201cLas encuestas mostraban que si nos un\u00edamos al puntano, solo funcionar\u00eda si N\u00e9stor era el candidato a presidente. Porque si era Rodr\u00edguez Sa\u00e1, todos nuestros votos se ir\u00edan con Carri\u00f3, que representaba un voto progresista en aquel momento. Entonces, N\u00e9stor me dice que la \u00fanica opci\u00f3n era hablar con Carri\u00f3\u201d, precis\u00f3.<\/p>\n","protected":false},"excerpt":{"rendered":"<p>El presidente Alberto Fern\u00e1ndez sostuvo que N\u00e9stor Kirchner fue \u00abel mejor\u00bb jefe de Estado \u00abque tuvo la democracia\u00bb argentina, y destac\u00f3 su \u00abcapacidad pol\u00edtica y de gesti\u00f3n excepcional\u00bb, al recordar detalles de su relaci\u00f3n en un el libro \u00abN\u00e9stor, el hombre que cambi\u00f3 todo\u00bb, de Jorge &#8216;Topo&#8217; Devoto. En el libro que publica la editorial &hellip;<\/p>\n","protected":false},"author":2,"featured_media":13478,"comment_status":"open","ping_status":"open","sticky":false,"template":"","format":"standard","meta":{"_jetpack_memberships_contains_paid_content":false,"footnotes":"","jetpack_publicize_message":"","jetpack_publicize_feature_enabled":true,"jetpack_social_post_already_shared":true,"jetpack_social_options":{"image_generator_settings":{"template":"highway","default_image_id":0,"font":"","enabled":false},"version":2}},"categories":[34,14],"tags":[],"class_list":["post-13477","post","type-post","status-publish","format-standard","has-post-thumbnail","hentry","category-nacional","category-politica"],"jetpack_publicize_connections":[],"jetpack_featured_media_url":"https:\/\/portalmovil.com.ar\/wp-content\/uploads\/2020\/10\/nestor_kirchner_1582639818.jpg","jetpack_sharing_enabled":true,"amp_enabled":true,"_links":{"self":[{"href":"https:\/\/portalmovil.com.ar\/index.php\/wp-json\/wp\/v2\/posts\/13477","targetHints":{"allow":["GET"]}}],"collection":[{"href":"https:\/\/portalmovil.com.ar\/index.php\/wp-json\/wp\/v2\/posts"}],"about":[{"href":"https:\/\/portalmovil.com.ar\/index.php\/wp-json\/wp\/v2\/types\/post"}],"author":[{"embeddable":true,"href":"https:\/\/portalmovil.com.ar\/index.php\/wp-json\/wp\/v2\/users\/2"}],"replies":[{"embeddable":true,"href":"https:\/\/portalmovil.com.ar\/index.php\/wp-json\/wp\/v2\/comments?post=13477"}],"version-history":[{"count":1,"href":"https:\/\/portalmovil.com.ar\/index.php\/wp-json\/wp\/v2\/posts\/13477\/revisions"}],"predecessor-version":[{"id":13479,"href":"https:\/\/portalmovil.com.ar\/index.php\/wp-json\/wp\/v2\/posts\/13477\/revisions\/13479"}],"wp:featuredmedia":[{"embeddable":true,"href":"https:\/\/portalmovil.com.ar\/index.php\/wp-json\/wp\/v2\/media\/13478"}],"wp:attachment":[{"href":"https:\/\/portalmovil.com.ar\/index.php\/wp-json\/wp\/v2\/media?parent=13477"}],"wp:term":[{"taxonomy":"category","embeddable":true,"href":"https:\/\/portalmovil.com.ar\/index.php\/wp-json\/wp\/v2\/categories?post=13477"},{"taxonomy":"post_tag","embeddable":true,"href":"https:\/\/portalmovil.com.ar\/index.php\/wp-json\/wp\/v2\/tags?post=13477"}],"curies":[{"name":"wp","href":"https:\/\/api.w.org\/{rel}","templated":true}]}}