{"id":13237,"date":"2020-09-28T14:45:15","date_gmt":"2020-09-28T17:45:15","guid":{"rendered":"https:\/\/portalmovil.com.ar\/?p=13237"},"modified":"2020-09-28T14:45:18","modified_gmt":"2020-09-28T17:45:18","slug":"proponen-extender-hasta-el-30-de-abril-el-ciclo-lectivo-para-el-ultimo-ano-de-la-secundaria","status":"publish","type":"post","link":"https:\/\/portalmovil.com.ar\/index.php\/2020\/09\/28\/proponen-extender-hasta-el-30-de-abril-el-ciclo-lectivo-para-el-ultimo-ano-de-la-secundaria\/","title":{"rendered":"Proponen extender hasta el 30 de abril el ciclo lectivo para el \u00faltimo a\u00f1o de la secundaria"},"content":{"rendered":"\n<p>El ministro de Educaci\u00f3n, Nicol\u00e1s Trotta, dijo hoy que \u00abhemos planteado la propuesta de extensi\u00f3n del ciclo lectivo para los que est\u00e1n terminando el secundario hasta el 30 de abril\u00bb, de manera que permita \u00abel cierre de la educaci\u00f3n obligatoria articulando con el nivel universitario superior\u00bb.<\/p>\n\n\n\n<p>En este sentido, el funcionario asegur\u00f3 que la propuesta a\u00fan no fue aprobada en el marco del Consejo Federal de Educaci\u00f3n, pero dijo que se trata de \u00abextender\u00bb el ciclo hasta esa fecha para quienes est\u00e9n \u00abterminando el nivel secundario, 5\u00ba y 6\u00ba a\u00f1o seg\u00fan la jurisdicci\u00f3n, para poder tener una propuesta presencial\u00bb.<\/p>\n\n\n\n<p>As\u00ed lo expres\u00f3 en declaraciones formuladas esta ma\u00f1ana a la radio online FutuR\u00f6ck, en las que explic\u00f3 que la finalizaci\u00f3n del secundario deber\u00e1 tener una articulaci\u00f3n con el ciclo superior.<\/p>\n\n\n\n<p>\u00abEn primera instancia, todo el proceso de ingreso a la universidad y el inicio del ciclo lectivo del primer a\u00f1o del ciclo superior\u00bb deber\u00e1 realizarse \u00abcuando se haya articulado la finalizaci\u00f3n del nivel secundario\u00bb, explic\u00f3.<\/p>\n\n\n\n<p>Por otro lado, se\u00f1al\u00f3 que hay \u00abpropuestas de distintas universidades para que el cierre del ciclo secundario, m\u00e1s all\u00e1 de que el t\u00edtulo lo da cada jurisdicci\u00f3n, se pueda dar inclusive en cada universidad\u00bb.<\/p>\n\n\n\n<p>Para Trotta, la propuesta de extensi\u00f3n de clases para los estudiantes que se encuentren terminando el secundario traer\u00e1 aparejado un \u00abproblema de infraestructura, ya que vamos a tener a un 5\u00ba, 6\u00ba a\u00f1os que est\u00e1 terminando y un \u00faltimo a\u00f1o que va a estar comenzando\u00bb.<\/p>\n\n\n\n<p>No obstante, estim\u00f3 que \u00ablas universidades y los institutos superiores pueden colaborar en resolver\u00bb esta dificultad de infraestructura, un punto que podr\u00e1 ser tambi\u00e9n abordado en el \u00e1mbito del Consejo Federal de Educaci\u00f3n.<\/p>\n","protected":false},"excerpt":{"rendered":"<p>El ministro de Educaci\u00f3n, Nicol\u00e1s Trotta, dijo hoy que \u00abhemos planteado la propuesta de extensi\u00f3n del ciclo lectivo para los que est\u00e1n terminando el secundario hasta el 30 de abril\u00bb, de manera que permita \u00abel cierre de la educaci\u00f3n obligatoria articulando con el nivel universitario superior\u00bb. En este sentido, el funcionario asegur\u00f3 que la propuesta &hellip;<\/p>\n","protected":false},"author":2,"featured_media":13238,"comment_status":"open","ping_status":"open","sticky":false,"template":"","format":"standard","meta":{"_jetpack_memberships_contains_paid_content":false,"footnotes":"","jetpack_publicize_message":"","jetpack_publicize_feature_enabled":true,"jetpack_social_post_already_shared":true,"jetpack_social_options":{"image_generator_settings":{"template":"highway","default_image_id":0,"font":"","enabled":false},"version":2}},"categories":[34],"tags":[],"class_list":["post-13237","post","type-post","status-publish","format-standard","has-post-thumbnail","hentry","category-nacional"],"jetpack_publicize_connections":[],"jetpack_featured_media_url":"https:\/\/portalmovil.com.ar\/wp-content\/uploads\/2020\/09\/2a21443c-758b-4d09-9901-bd9bdfc1382d.jpg","jetpack_sharing_enabled":true,"amp_enabled":true,"_links":{"self":[{"href":"https:\/\/portalmovil.com.ar\/index.php\/wp-json\/wp\/v2\/posts\/13237","targetHints":{"allow":["GET"]}}],"collection":[{"href":"https:\/\/portalmovil.com.ar\/index.php\/wp-json\/wp\/v2\/posts"}],"about":[{"href":"https:\/\/portalmovil.com.ar\/index.php\/wp-json\/wp\/v2\/types\/post"}],"author":[{"embeddable":true,"href":"https:\/\/portalmovil.com.ar\/index.php\/wp-json\/wp\/v2\/users\/2"}],"replies":[{"embeddable":true,"href":"https:\/\/portalmovil.com.ar\/index.php\/wp-json\/wp\/v2\/comments?post=13237"}],"version-history":[{"count":1,"href":"https:\/\/portalmovil.com.ar\/index.php\/wp-json\/wp\/v2\/posts\/13237\/revisions"}],"predecessor-version":[{"id":13239,"href":"https:\/\/portalmovil.com.ar\/index.php\/wp-json\/wp\/v2\/posts\/13237\/revisions\/13239"}],"wp:featuredmedia":[{"embeddable":true,"href":"https:\/\/portalmovil.com.ar\/index.php\/wp-json\/wp\/v2\/media\/13238"}],"wp:attachment":[{"href":"https:\/\/portalmovil.com.ar\/index.php\/wp-json\/wp\/v2\/media?parent=13237"}],"wp:term":[{"taxonomy":"category","embeddable":true,"href":"https:\/\/portalmovil.com.ar\/index.php\/wp-json\/wp\/v2\/categories?post=13237"},{"taxonomy":"post_tag","embeddable":true,"href":"https:\/\/portalmovil.com.ar\/index.php\/wp-json\/wp\/v2\/tags?post=13237"}],"curies":[{"name":"wp","href":"https:\/\/api.w.org\/{rel}","templated":true}]}}