{"id":13220,"date":"2020-09-28T10:00:21","date_gmt":"2020-09-28T13:00:21","guid":{"rendered":"https:\/\/portalmovil.com.ar\/?p=13220"},"modified":"2020-09-28T10:00:27","modified_gmt":"2020-09-28T13:00:27","slug":"el-gobierno-implementara-nuevas-medidas-por-los-aumentos-de-las-fiestas-clandestinas","status":"publish","type":"post","link":"https:\/\/portalmovil.com.ar\/index.php\/2020\/09\/28\/el-gobierno-implementara-nuevas-medidas-por-los-aumentos-de-las-fiestas-clandestinas\/","title":{"rendered":"El Gobierno implementar\u00e1 nuevas medidas por los aumentos de las fiestas clandestinas"},"content":{"rendered":"\n<p>El gobernador Jorge Capitanich encabez\u00f3 este domingo por la noche una nueva reuni\u00f3n del comit\u00e9 de monitoreo de Covid-19 que integran distintos estamentos y organismos del Estado, donde se resolvi\u00f3 una serie de medidas espec\u00edficas que este lunes 28 de septiembre por la tarde ser\u00e1n puestas en consideraci\u00f3n por el Consejo provincial de Desescalada.<\/p>\n\n\n\n<p>Las medidas ser\u00e1n preventivas, a partir de una gran cantidad de personas que este fin de semana estuvieron en fiestas clandestinas y que podr\u00edan ser casos de coronavirus. S\u00f3lo en Resistencia y Barranqueras se registraron 12 fiestas clandestinas denunciadas, que involucran a 1.666 personas con alto riesgo de contagio, as\u00ed como otros 5 encuentros sociales en Villa \u00c1ngela, Charata y Castelli con 19 personas.<\/p>\n\n\n\n<p>\u201cEl esfuerzo que se realiza todos los d\u00edas para administrar el n\u00famero de casos choca con estas actitudes individualistas e irresponsables. En virtud de estos indicadores tomamos decisiones\u201d, dijo el gobernador en sus redes sociales tras la reuni\u00f3n.<\/p>\n\n\n\n<p>Es as\u00ed que se decidi\u00f3 establecer un sistema de vigilancia preventiva con las fuerzas de seguridad nacionales y de la provincia junto a la polic\u00eda comunitaria de Resistencia, en un corredor que va desde el macrocentro hasta Villa Libertad, incluyendo Villa Centenario y Villa Palermo. \u201cDel mismo modo se concentrar\u00e1n esfuerzos de bloqueo focal de casos en Villa R\u00edo Negro y La Liguria\u201d, indic\u00f3 el manatario.<\/p>\n\n\n\n<p>Adem\u00e1s, se\u00f1al\u00f3 que el Gobierno ejecutar\u00e1 un abordaje territorial con rastrillaje de casos a trav\u00e9s de una red de 150 trabajadores y trabajadoras de la salud y voluntarios, para detectar casos asintom\u00e1ticos y contactos estrechos a trav\u00e9s de testeos r\u00e1pidos y PCR, \u201ccon el objetivo de evaluar la existencia de posibles brotes para bloquear de manera inmediata\u201d.<\/p>\n\n\n\n<p>\u201cTambi\u00e9n vamos a propiciar el cierre preventivo del sanatorio Cordis por 14 d\u00edas en virtud de registrarse 21 contagios de Covid-19, para que el personal cumpla el aislamiento preventivo. Los dos dos pacientes internados ser\u00e1n trasladados al hospital Perrando\u201d, agreg\u00f3 Capitanich.<\/p>\n\n\n\n<p>Y como cuarta medida se piensa realizar una presentaci\u00f3n judicial para determinar una restricci\u00f3n de acercamiento de todo tipo de aglomeraci\u00f3n de personas en el macrocentro, buscando impedir la propagaci\u00f3n de la circulaci\u00f3n viral.<\/p>\n\n\n\n<p>\u201cPor lo dem\u00e1s, durante la tarde del lunes el Consejo provincial de Desescalada aprobar\u00e1 o ampliar\u00e1 con recomendaciones y medidas adicionales las decisiones adoptadas\u201d, concluy\u00f3 el gobernador.<\/p>\n","protected":false},"excerpt":{"rendered":"<p>El gobernador Jorge Capitanich encabez\u00f3 este domingo por la noche una nueva reuni\u00f3n del comit\u00e9 de monitoreo de Covid-19 que integran distintos estamentos y organismos del Estado, donde se resolvi\u00f3 una serie de medidas espec\u00edficas que este lunes 28 de septiembre por la tarde ser\u00e1n puestas en consideraci\u00f3n por el Consejo provincial de Desescalada. Las &hellip;<\/p>\n","protected":false},"author":2,"featured_media":13221,"comment_status":"open","ping_status":"open","sticky":false,"template":"","format":"standard","meta":{"_jetpack_memberships_contains_paid_content":false,"footnotes":"","jetpack_publicize_message":"","jetpack_publicize_feature_enabled":true,"jetpack_social_post_already_shared":true,"jetpack_social_options":{"image_generator_settings":{"template":"highway","default_image_id":0,"font":"","enabled":false},"version":2}},"categories":[5,12],"tags":[],"class_list":["post-13220","post","type-post","status-publish","format-standard","has-post-thumbnail","hentry","category-chaco","category-ultimo"],"jetpack_publicize_connections":[],"jetpack_featured_media_url":"https:\/\/portalmovil.com.ar\/wp-content\/uploads\/2020\/09\/51dbe804-0966-48be-acff-72daa7026f17.jpg","jetpack_sharing_enabled":true,"amp_enabled":true,"_links":{"self":[{"href":"https:\/\/portalmovil.com.ar\/index.php\/wp-json\/wp\/v2\/posts\/13220","targetHints":{"allow":["GET"]}}],"collection":[{"href":"https:\/\/portalmovil.com.ar\/index.php\/wp-json\/wp\/v2\/posts"}],"about":[{"href":"https:\/\/portalmovil.com.ar\/index.php\/wp-json\/wp\/v2\/types\/post"}],"author":[{"embeddable":true,"href":"https:\/\/portalmovil.com.ar\/index.php\/wp-json\/wp\/v2\/users\/2"}],"replies":[{"embeddable":true,"href":"https:\/\/portalmovil.com.ar\/index.php\/wp-json\/wp\/v2\/comments?post=13220"}],"version-history":[{"count":1,"href":"https:\/\/portalmovil.com.ar\/index.php\/wp-json\/wp\/v2\/posts\/13220\/revisions"}],"predecessor-version":[{"id":13222,"href":"https:\/\/portalmovil.com.ar\/index.php\/wp-json\/wp\/v2\/posts\/13220\/revisions\/13222"}],"wp:featuredmedia":[{"embeddable":true,"href":"https:\/\/portalmovil.com.ar\/index.php\/wp-json\/wp\/v2\/media\/13221"}],"wp:attachment":[{"href":"https:\/\/portalmovil.com.ar\/index.php\/wp-json\/wp\/v2\/media?parent=13220"}],"wp:term":[{"taxonomy":"category","embeddable":true,"href":"https:\/\/portalmovil.com.ar\/index.php\/wp-json\/wp\/v2\/categories?post=13220"},{"taxonomy":"post_tag","embeddable":true,"href":"https:\/\/portalmovil.com.ar\/index.php\/wp-json\/wp\/v2\/tags?post=13220"}],"curies":[{"name":"wp","href":"https:\/\/api.w.org\/{rel}","templated":true}]}}