{"id":13217,"date":"2020-09-28T09:32:37","date_gmt":"2020-09-28T12:32:37","guid":{"rendered":"https:\/\/portalmovil.com.ar\/?p=13217"},"modified":"2020-09-28T09:32:41","modified_gmt":"2020-09-28T12:32:41","slug":"claves-como-sera-el-atp-6-y-a-quienes-beneficiara","status":"publish","type":"post","link":"https:\/\/portalmovil.com.ar\/index.php\/2020\/09\/28\/claves-como-sera-el-atp-6-y-a-quienes-beneficiara\/","title":{"rendered":"Claves: c\u00f3mo ser\u00e1 el ATP 6 y a qui\u00e9nes beneficiar\u00e1"},"content":{"rendered":"\n<p>El Gobierno estableci\u00f3 la modalidad de instrumentaci\u00f3n de la sexta etapa del Programa de Asistencia de Emergencia al Trabajo y la Producci\u00f3n (ATP), para auxiliar a las empresas con el pago de los salarios de septiembre.<\/p>\n\n\n\n<p>Lo hizo a trav\u00e9s de la Decisi\u00f3n Administrativa 1760\/2020 publicada hoy en el Bolet\u00edn Oficial, que adopt\u00f3 las recomendaciones del Acta 21 del Comit\u00e9 de Evaluaci\u00f3n y Monitoreo del ATP.<\/p>\n\n\n\n<p>La norma establece que \u201cel salario neto resulta equivalente al 83% de la remuneraci\u00f3n bruta devengada en agosto de 2020, exteriorizada en la declaraci\u00f3n jurada de aportes y contribuciones con destino a la seguridad social correspondientes al per\u00edodo\u201d.<\/p>\n\n\n\n<p>Adem\u00e1s, precisa que\u00a0\u201cel Salario Complementario a asignar como beneficio debe resultar equivalente al 50% del salario neto\u201d.<\/p>\n\n\n\n<p>\u201cEl resultado as\u00ed obtenido no podr\u00e1 ser inferior a la suma equivalente a 1,25 salario m\u00ednimo vital y m\u00f3vil ($ 21.093,75) ni superior a la suma equivalente a dos SMVM ($ 33.750)\u201d, precisa la norma.<\/p>\n\n\n\n<p>Asimismo, remarca que\u00a0\u201cla suma del Salario Complementario no podr\u00e1 arrojar como resultado que el trabajador obtenga un beneficio, por el concepto en trato, superior a su salario neto correspondiente a agosto de 2020\u201d.<\/p>\n\n\n\n<p>Respecto del an\u00e1lisis de la variaci\u00f3n nominal de facturaci\u00f3n interanual negativa, se\u00f1ala que \u201cse tomar\u00e1n como referencia los meses de agosto de 2020 y de 2019\u201d.<\/p>\n\n\n\n<p>En tanto,\u00a0en el caso de empresas que iniciaron sus actividades entre el 1 de enero y el 30 de noviembre de 2019, la comparaci\u00f3n de la facturaci\u00f3n nominal de agosto de 2020 debe hacerse con la de diciembre de 2019.<\/p>\n\n\n\n<p>A las empresas que iniciaron su actividad a partir del 1 de diciembre de 2019 no se considerar\u00e1 la variaci\u00f3n de facturaci\u00f3n para la obtenci\u00f3n del beneficio del Salario Complementario.<\/p>\n\n\n\n<p>Para el c\u00f3mputo de la plantilla de personal deber\u00e1n detraerse las extinciones de las relaciones laborales ocurridas hasta hoy, 28 de septiembre de 2020, inclusive.<\/p>\n","protected":false},"excerpt":{"rendered":"<p>El Gobierno estableci\u00f3 la modalidad de instrumentaci\u00f3n de la sexta etapa del Programa de Asistencia de Emergencia al Trabajo y la Producci\u00f3n (ATP), para auxiliar a las empresas con el pago de los salarios de septiembre. Lo hizo a trav\u00e9s de la Decisi\u00f3n Administrativa 1760\/2020 publicada hoy en el Bolet\u00edn Oficial, que adopt\u00f3 las recomendaciones &hellip;<\/p>\n","protected":false},"author":2,"featured_media":13218,"comment_status":"open","ping_status":"open","sticky":false,"template":"","format":"standard","meta":{"_jetpack_memberships_contains_paid_content":false,"footnotes":"","jetpack_publicize_message":"","jetpack_publicize_feature_enabled":true,"jetpack_social_post_already_shared":true,"jetpack_social_options":{"image_generator_settings":{"template":"highway","default_image_id":0,"font":"","enabled":false},"version":2}},"categories":[175,12],"tags":[],"class_list":["post-13217","post","type-post","status-publish","format-standard","has-post-thumbnail","hentry","category-economia","category-ultimo"],"jetpack_publicize_connections":[],"jetpack_featured_media_url":"https:\/\/portalmovil.com.ar\/wp-content\/uploads\/2020\/09\/395712864.jpg","jetpack_sharing_enabled":true,"amp_enabled":true,"_links":{"self":[{"href":"https:\/\/portalmovil.com.ar\/index.php\/wp-json\/wp\/v2\/posts\/13217","targetHints":{"allow":["GET"]}}],"collection":[{"href":"https:\/\/portalmovil.com.ar\/index.php\/wp-json\/wp\/v2\/posts"}],"about":[{"href":"https:\/\/portalmovil.com.ar\/index.php\/wp-json\/wp\/v2\/types\/post"}],"author":[{"embeddable":true,"href":"https:\/\/portalmovil.com.ar\/index.php\/wp-json\/wp\/v2\/users\/2"}],"replies":[{"embeddable":true,"href":"https:\/\/portalmovil.com.ar\/index.php\/wp-json\/wp\/v2\/comments?post=13217"}],"version-history":[{"count":1,"href":"https:\/\/portalmovil.com.ar\/index.php\/wp-json\/wp\/v2\/posts\/13217\/revisions"}],"predecessor-version":[{"id":13219,"href":"https:\/\/portalmovil.com.ar\/index.php\/wp-json\/wp\/v2\/posts\/13217\/revisions\/13219"}],"wp:featuredmedia":[{"embeddable":true,"href":"https:\/\/portalmovil.com.ar\/index.php\/wp-json\/wp\/v2\/media\/13218"}],"wp:attachment":[{"href":"https:\/\/portalmovil.com.ar\/index.php\/wp-json\/wp\/v2\/media?parent=13217"}],"wp:term":[{"taxonomy":"category","embeddable":true,"href":"https:\/\/portalmovil.com.ar\/index.php\/wp-json\/wp\/v2\/categories?post=13217"},{"taxonomy":"post_tag","embeddable":true,"href":"https:\/\/portalmovil.com.ar\/index.php\/wp-json\/wp\/v2\/tags?post=13217"}],"curies":[{"name":"wp","href":"https:\/\/api.w.org\/{rel}","templated":true}]}}