{"id":13156,"date":"2020-09-26T16:02:19","date_gmt":"2020-09-26T19:02:19","guid":{"rendered":"https:\/\/portalmovil.com.ar\/?p=13156"},"modified":"2020-09-26T16:02:20","modified_gmt":"2020-09-26T19:02:20","slug":"natalia-oreiro-confeso-que-fue-victima-de-bullying-me-esperaban-para-agarrarme","status":"publish","type":"post","link":"https:\/\/portalmovil.com.ar\/index.php\/2020\/09\/26\/natalia-oreiro-confeso-que-fue-victima-de-bullying-me-esperaban-para-agarrarme\/","title":{"rendered":"Natalia Oreiro confes\u00f3 que fue v\u00edctima de bullying: \u201cMe esperaban para agarrarme\u201d"},"content":{"rendered":"\n<p>Natalia Oreiro revel\u00f3 que cuando era chica fue v\u00edctima de bullying en el colegio al que asist\u00eda en Montevideo. \u00abEntonces no exist\u00edan las redes, todo era m\u00e1s peque\u00f1o. Empec\u00e9 a trabajar a los 12 a\u00f1os y era una rareza\u00bb, indic\u00f3 la actriz y cantante uruguaya.<\/p>\n\n\n\n<p>Y detall\u00f3 las agresiones que sufri\u00f3: \u00abMe escrib\u00edan cosas en las paredes, en los ba\u00f1os, me esperaban para agarrarme\u00bb. M\u00e1s all\u00e1 de los ataques que recib\u00eda, ella siempre se mostraba conciliadora. \u00abSiempre esquiv\u00e9 el conflicto, pero en alg\u00fan momento tuve que enfrentar la situaci\u00f3n y nunca m\u00e1s me volvieron a molestar. M\u00e1s all\u00e1 de eso, siempre fui muy sociable\u00bb, asever\u00f3 Oreiro al diario <em><strong>La Naci\u00f3n.<\/strong><\/em><\/p>\n\n\n\n<p>Y antes de ponerle un punto final al tema, remarc\u00f3 que supo c\u00f3mo manejarlo para que las agresiones no la afectaran. \u00abSent\u00ed lo que hoy llamamos bullying pero no me afect\u00f3\u2026 Y en alg\u00fan punto comprend\u00eda la molestia de llamar tanto la atenci\u00f3n, pero no me enroscaba\u201d, sentenci\u00f3.<\/p>\n","protected":false},"excerpt":{"rendered":"<p>Natalia Oreiro revel\u00f3 que cuando era chica fue v\u00edctima de bullying en el colegio al que asist\u00eda en Montevideo. \u00abEntonces no exist\u00edan las redes, todo era m\u00e1s peque\u00f1o. Empec\u00e9 a trabajar a los 12 a\u00f1os y era una rareza\u00bb, indic\u00f3 la actriz y cantante uruguaya. Y detall\u00f3 las agresiones que sufri\u00f3: \u00abMe escrib\u00edan cosas en &hellip;<\/p>\n","protected":false},"author":2,"featured_media":13157,"comment_status":"open","ping_status":"open","sticky":false,"template":"","format":"standard","meta":{"_jetpack_memberships_contains_paid_content":false,"footnotes":"","jetpack_publicize_message":"","jetpack_publicize_feature_enabled":true,"jetpack_social_post_already_shared":true,"jetpack_social_options":{"image_generator_settings":{"template":"highway","default_image_id":0,"font":"","enabled":false},"version":2}},"categories":[158],"tags":[],"class_list":["post-13156","post","type-post","status-publish","format-standard","has-post-thumbnail","hentry","category-espectaculos"],"jetpack_publicize_connections":[],"jetpack_featured_media_url":"https:\/\/portalmovil.com.ar\/wp-content\/uploads\/2020\/09\/2J4RFCUSPBEJPHDCCTUSD5TYAQ.jpg","jetpack_sharing_enabled":true,"amp_enabled":true,"_links":{"self":[{"href":"https:\/\/portalmovil.com.ar\/index.php\/wp-json\/wp\/v2\/posts\/13156","targetHints":{"allow":["GET"]}}],"collection":[{"href":"https:\/\/portalmovil.com.ar\/index.php\/wp-json\/wp\/v2\/posts"}],"about":[{"href":"https:\/\/portalmovil.com.ar\/index.php\/wp-json\/wp\/v2\/types\/post"}],"author":[{"embeddable":true,"href":"https:\/\/portalmovil.com.ar\/index.php\/wp-json\/wp\/v2\/users\/2"}],"replies":[{"embeddable":true,"href":"https:\/\/portalmovil.com.ar\/index.php\/wp-json\/wp\/v2\/comments?post=13156"}],"version-history":[{"count":1,"href":"https:\/\/portalmovil.com.ar\/index.php\/wp-json\/wp\/v2\/posts\/13156\/revisions"}],"predecessor-version":[{"id":13158,"href":"https:\/\/portalmovil.com.ar\/index.php\/wp-json\/wp\/v2\/posts\/13156\/revisions\/13158"}],"wp:featuredmedia":[{"embeddable":true,"href":"https:\/\/portalmovil.com.ar\/index.php\/wp-json\/wp\/v2\/media\/13157"}],"wp:attachment":[{"href":"https:\/\/portalmovil.com.ar\/index.php\/wp-json\/wp\/v2\/media?parent=13156"}],"wp:term":[{"taxonomy":"category","embeddable":true,"href":"https:\/\/portalmovil.com.ar\/index.php\/wp-json\/wp\/v2\/categories?post=13156"},{"taxonomy":"post_tag","embeddable":true,"href":"https:\/\/portalmovil.com.ar\/index.php\/wp-json\/wp\/v2\/tags?post=13156"}],"curies":[{"name":"wp","href":"https:\/\/api.w.org\/{rel}","templated":true}]}}