{"id":13132,"date":"2020-09-25T21:47:29","date_gmt":"2020-09-26T00:47:29","guid":{"rendered":"https:\/\/portalmovil.com.ar\/?p=13132"},"modified":"2020-09-25T21:47:31","modified_gmt":"2020-09-26T00:47:31","slug":"policia-caminera-sigue-recuperando-motos-robadas-5","status":"publish","type":"post","link":"https:\/\/portalmovil.com.ar\/index.php\/2020\/09\/25\/policia-caminera-sigue-recuperando-motos-robadas-5\/","title":{"rendered":"Polic\u00eda Caminera sigue recuperando motos robadas"},"content":{"rendered":"\n<p>Nuevos operativos de la Polic\u00eda Caminera realizados los \u00faltimos d\u00edas permitieron recuperar m\u00e1s motos robadas y una camioneta que presentaba adulteraciones.<\/p>\n\n\n\n<p>El d\u00eda mi\u00e9rcoles, motoristas de caminera, recuperaron una moto marca Ghiggeri, modelo Vita, 110 c.c., color azul, buscada por supuesto robo.<\/p>\n\n\n\n<p>Ten\u00eda Pedido desde el 18\/07\/2016, a solicitud de la Comisar\u00eda 2\u00b0 de Barranqueras. Era conducida por un masculino de 25 a\u00f1os.<\/p>\n\n\n\n<p>El operativo se llev\u00f3 a cabo en Av. Paraguay y Av. Nicol\u00e1s Rojas Acosta.<\/p>\n\n\n\n<p>En otro operativo vial, efectivos de la Div. Patrulla Vial y Puestos Camineros, dieron con otra moto con Pedido de Secuestro.<\/p>\n\n\n\n<p>Ubicados en Puesto De Control Caminero Puente General Belgrano, detuvieron la marcha de una Yamaha, modelo Crypton, 110 c.c., color gris, guiada por un joven de 24 a\u00f1os.<\/p>\n\n\n\n<p>El rodado era solicitado por la Comisar\u00eda 2\u00b0 de Barranqueras, desde el a\u00f1o 2014, por una causa de Sup. Hurto.<\/p>\n\n\n\n<p>Este jueves, nuevamente motoristas de caminera, emplazados en Av. Avalos-Av. Lavalle y Av. Los Inmigrantes, incautaron una motocicleta marca Yamaha, modelo Xtz, 125 c.c., color negro, buscada por la Comisar\u00eda 10\u00b0 Capital.<\/p>\n\n\n\n<p>Presentaba pedido desde el 25\/01\/2020, por una causa de Sup. Hurto y era guiado por un joven de 20 a\u00f1os.<\/p>\n\n\n\n<p>S\u00c1ENZ PE\u00d1A<\/p>\n\n\n\n<p>Por su parte, Caminera de S\u00e1enz Pe\u00f1a recuper\u00f3 una moto marca Appia, Modelo Citiplus,110 c.c., color rojo.<\/p>\n\n\n\n<p>Ten\u00eda Pedido de secuestro del 2014, ante Cr\u00eda Machagai. Un joven de 22 a\u00f1os conduc\u00eda al momento del control.<\/p>\n\n\n\n<p>El operativo se realiz\u00f3 en Calle Ra\u00fal R. Alfons\u00edn y Calle Julio A. Roca &#8211; Centro Machagai.<\/p>\n\n\n\n<p>Todos los rodados y sus conductores fueron trasladados hacia la unidad Policial solicitante.<\/p>\n\n\n\n<p>En tanto, el jueves, Caminera de La Termal se dirigi\u00f3 hasta la Direcci\u00f3n de tr\u00e1nsito junto a personal de la Planta verificadora n\u00b0 3, a verificar dos motocicletas.<\/p>\n\n\n\n<p>Personal id\u00f3neo examin\u00f3 y consult\u00f3 el estado de una moto marca Guerrero Trip, de 110 c.c., color azul.<\/p>\n\n\n\n<p>El rodado presentaba Pedido de Secuestro del 2013, por supuesto hurto, a solicitud de la Comisar\u00eda 2\u00b0 S\u00e1enz Pe\u00f1a.<\/p>\n\n\n\n<p>Luego, una Yamaha YBR, de 125 c.c., color negro. La motocicleta ten\u00eda la numeraci\u00f3n de motor golpeada y d\u00edgitos borrados, al igual que la numeraci\u00f3n del chasis.<\/p>\n\n\n\n<h3 class=\"wp-block-heading\"><strong>CASTELLI<\/strong><\/h3>\n\n\n\n<p>Tambi\u00e9n ayer, en horas de la ma\u00f1ana, un hombre de 34 a\u00f1os, se hizo presente en la Div. Tr\u00e1nsito Urbano y Patrulla Vial, con la intensi\u00f3n de realizar la verificaci\u00f3n vehicular a su camioneta marca Dodge, modelo D-100, color naranja.<\/p>\n\n\n\n<div class=\"wp-block-image\"><figure class=\"aligncenter size-large\"><img loading=\"lazy\" decoding=\"async\" width=\"960\" height=\"720\" src=\"https:\/\/portalmovil.com.ar\/wp-content\/uploads\/2020\/09\/120305097_3438635372883490_1567833150999035959_o.jpg\" alt=\"\" class=\"wp-image-13133\" srcset=\"https:\/\/portalmovil.com.ar\/wp-content\/uploads\/2020\/09\/120305097_3438635372883490_1567833150999035959_o.jpg 960w, https:\/\/portalmovil.com.ar\/wp-content\/uploads\/2020\/09\/120305097_3438635372883490_1567833150999035959_o-300x225.jpg 300w, https:\/\/portalmovil.com.ar\/wp-content\/uploads\/2020\/09\/120305097_3438635372883490_1567833150999035959_o-768x576.jpg 768w\" sizes=\"auto, (max-width: 960px) 100vw, 960px\" \/><\/figure><\/div>\n\n\n\n<p>Al realizarle la verificaci\u00f3n f\u00edsica, el Personal de la Planta Verificadora N\u00ba 9, constat\u00f3 que el n\u00famero de motor y chasis son ap\u00f3crifos (base rebajada y restampado de los n\u00fameros alfanum\u00e9ricos).<\/p>\n\n\n\n<p>Conforme lo dispuesto por la Fiscal\u00eda de Investigaci\u00f3n Penal N\u00ba 2 en turno, se procedi\u00f3 al secuestro preventivo del automotor en cuesti\u00f3n.<\/p>\n\n\n\n<p>El rodado fue llevado al predio de la Polic\u00eda Rural, para resguardo a disposici\u00f3n de la Magistratura interviniente.<\/p>\n\n\n\n<p><strong>CHARATA<\/strong><\/p>\n\n\n\n<p>Por su parte, el mi\u00e9rcoles pasado, Caminera de Charata logr\u00f3 incautar una moto con la numeraci\u00f3n de motor y chasis limada.<\/p>\n\n\n\n<p>Se trata de una Guerrero Trip, 110 c.c., color negra, en la que circulaban dos personas de 28 y otro joven menor de edad.<\/p>\n\n\n\n<p>El operativo se realiz\u00f3 sobre RP N\u00b0 6 y RN N\u00b0 89 &#8211; Las Bre\u00f1as.<\/p>\n\n\n\n<p><strong>PARALELO 28<\/strong><\/p>\n\n\n\n<div class=\"wp-block-image\"><figure class=\"aligncenter size-large\"><img loading=\"lazy\" decoding=\"async\" width=\"959\" height=\"540\" src=\"https:\/\/portalmovil.com.ar\/wp-content\/uploads\/2020\/09\/120258810_3438689142878113_4899034396189050199_o.jpg\" alt=\"\" class=\"wp-image-13134\" srcset=\"https:\/\/portalmovil.com.ar\/wp-content\/uploads\/2020\/09\/120258810_3438689142878113_4899034396189050199_o.jpg 959w, https:\/\/portalmovil.com.ar\/wp-content\/uploads\/2020\/09\/120258810_3438689142878113_4899034396189050199_o-300x169.jpg 300w, https:\/\/portalmovil.com.ar\/wp-content\/uploads\/2020\/09\/120258810_3438689142878113_4899034396189050199_o-768x432.jpg 768w\" sizes=\"auto, (max-width: 959px) 100vw, 959px\" \/><\/figure><\/div>\n\n\n\n<p>Asimismo, personal que cumple funciones en el Puesto de Control Paralelo 28, interceptaron un cami\u00f3n marca Mercedes Benz, 1114, guiado por un joven de 25 a\u00f1os. Transporta 21.470 kg de semilla de algod\u00f3n, sin carta de Porte.<\/p>\n\n\n\n<p>Se dio intervenci\u00f3n a la (AFIP), desde donde se dispuso que se notifique al conductor la supuesta Transgresi\u00f3n a las Normas AFIP y contin\u00fae viaje.<\/p>\n","protected":false},"excerpt":{"rendered":"<p>Nuevos operativos de la Polic\u00eda Caminera realizados los \u00faltimos d\u00edas permitieron recuperar m\u00e1s motos robadas y una camioneta que presentaba adulteraciones. El d\u00eda mi\u00e9rcoles, motoristas de caminera, recuperaron una moto marca Ghiggeri, modelo Vita, 110 c.c., color azul, buscada por supuesto robo. Ten\u00eda Pedido desde el 18\/07\/2016, a solicitud de la Comisar\u00eda 2\u00b0 de Barranqueras. &hellip;<\/p>\n","protected":false},"author":2,"featured_media":13135,"comment_status":"open","ping_status":"open","sticky":false,"template":"","format":"standard","meta":{"_jetpack_memberships_contains_paid_content":false,"footnotes":"","jetpack_publicize_message":"","jetpack_publicize_feature_enabled":true,"jetpack_social_post_already_shared":true,"jetpack_social_options":{"image_generator_settings":{"template":"highway","default_image_id":0,"font":"","enabled":false},"version":2}},"categories":[5,8],"tags":[],"class_list":["post-13132","post","type-post","status-publish","format-standard","has-post-thumbnail","hentry","category-chaco","category-policiales"],"jetpack_publicize_connections":[],"jetpack_featured_media_url":"https:\/\/portalmovil.com.ar\/wp-content\/uploads\/2020\/09\/120221433_3438634842883543_8643319744102089545_o.jpg","jetpack_sharing_enabled":true,"amp_enabled":true,"_links":{"self":[{"href":"https:\/\/portalmovil.com.ar\/index.php\/wp-json\/wp\/v2\/posts\/13132","targetHints":{"allow":["GET"]}}],"collection":[{"href":"https:\/\/portalmovil.com.ar\/index.php\/wp-json\/wp\/v2\/posts"}],"about":[{"href":"https:\/\/portalmovil.com.ar\/index.php\/wp-json\/wp\/v2\/types\/post"}],"author":[{"embeddable":true,"href":"https:\/\/portalmovil.com.ar\/index.php\/wp-json\/wp\/v2\/users\/2"}],"replies":[{"embeddable":true,"href":"https:\/\/portalmovil.com.ar\/index.php\/wp-json\/wp\/v2\/comments?post=13132"}],"version-history":[{"count":1,"href":"https:\/\/portalmovil.com.ar\/index.php\/wp-json\/wp\/v2\/posts\/13132\/revisions"}],"predecessor-version":[{"id":13136,"href":"https:\/\/portalmovil.com.ar\/index.php\/wp-json\/wp\/v2\/posts\/13132\/revisions\/13136"}],"wp:featuredmedia":[{"embeddable":true,"href":"https:\/\/portalmovil.com.ar\/index.php\/wp-json\/wp\/v2\/media\/13135"}],"wp:attachment":[{"href":"https:\/\/portalmovil.com.ar\/index.php\/wp-json\/wp\/v2\/media?parent=13132"}],"wp:term":[{"taxonomy":"category","embeddable":true,"href":"https:\/\/portalmovil.com.ar\/index.php\/wp-json\/wp\/v2\/categories?post=13132"},{"taxonomy":"post_tag","embeddable":true,"href":"https:\/\/portalmovil.com.ar\/index.php\/wp-json\/wp\/v2\/tags?post=13132"}],"curies":[{"name":"wp","href":"https:\/\/api.w.org\/{rel}","templated":true}]}}