{"id":13129,"date":"2020-09-25T17:25:27","date_gmt":"2020-09-25T20:25:27","guid":{"rendered":"https:\/\/portalmovil.com.ar\/?p=13129"},"modified":"2020-09-25T17:25:30","modified_gmt":"2020-09-25T20:25:30","slug":"inauguraron-las-remodaleciones-del-centro-de-salud-de-villa-don-alberto","status":"publish","type":"post","link":"https:\/\/portalmovil.com.ar\/index.php\/2020\/09\/25\/inauguraron-las-remodaleciones-del-centro-de-salud-de-villa-don-alberto\/","title":{"rendered":"Inauguraron las remodaleciones del Centro de Salud de Villa Don Alberto"},"content":{"rendered":"\n<p>El gobernador Jorge Capitanich y la ministra Paola Ben\u00edtez inauguraron este viernes las refacciones integrales del Centro de Atenci\u00f3n Primaria de la Salud (CAPS) en Villa Don Alberto de Resistencia, donde se brinda atenci\u00f3n obst\u00e9trica, cl\u00ednica, odontol\u00f3gica, pedi\u00e1trica y de nutrici\u00f3n.<\/p>\n\n\n\n<p>La obra, que demand\u00f3 una inversi\u00f3n de $10.861.090, incluy\u00f3 mobiliario nuevo y adecuaci\u00f3n de los sanitarios, ampliaci\u00f3n de los accesos, cambio de pisos, readecuaci\u00f3n el\u00e9ctrica, cerramientos de las \u00e1reas administrativa y de farmacia, entre otras remodelaciones esenciales para el funcionamiento de la dependencia a la que tambi\u00e9n asisten vecinas y vecinos de los barrios Villa Facundo, Villa Nueva y Juan Domingo Per\u00f3n.<\/p>\n\n\n\n<p>Ante la gran demanda de atenci\u00f3n del sistema p\u00fablico, el gobernador remarc\u00f3 la necesidad de continuar trabajando en el recupero de gastos de las obras sociales, as\u00ed como de las aseguradoras de riesgos de trabajo.<\/p>\n\n\n\n<p>\u201cEs importante que la inversi\u00f3n estatal en la salud p\u00fablica est\u00e9 cuidada por todos, por eso en el Presupuesto provincial 2021 estamos aumentando la inversi\u00f3n en el sector\u201d, asegur\u00f3, y se\u00f1al\u00f3 las localidades donde se llevan adelante importantes obras de infraestructura hospitalaria como Barranqueras, Fontana, Puerto Vilelas, La Leonesa, San Mart\u00edn, El Espinillo, Concepci\u00f3n del Bermejo y Charata.<\/p>\n\n\n\n<p>\u201cAdem\u00e1s de las obras de infraestructura trabajamos en la incorporaci\u00f3n total de la medicina digital y del sistema provincial de monitoreo de insumos y medicamentos\u201d, agreg\u00f3 el gobernador, que tambi\u00e9n estuvo acompa\u00f1ado por la directora del hospital Perrando, Nancy Trejo, y la directora del CAPS Don Alberto, Graciela Cisterna.<\/p>\n\n\n\n<p>En la oportunidad entreg\u00f3 certificados de finalizaci\u00f3n de la residencia m\u00e9dica a cuatro profesionales de tocoginecolog\u00eda, anestesia, traumatolog\u00eda y obstetricia, y reiter\u00f3 su agradecimiento a las y los trabajadores de la salud \u201cpor el gran esfuerzo que est\u00e1n realizando hace m\u00e1s de 7 meses para cuidar de las y los chaque\u00f1os\u201d.<\/p>\n\n\n\n<p>La ministra Paola Ben\u00edtez indic\u00f3 que este centro de salud \u201cera un ejemplo de la necesidad de una intervenci\u00f3n inmediata\u201d. \u201cPoder abrir las puertas de acceso a la salud a toda la poblaci\u00f3n, sobre todo en el primer nivel de atenci\u00f3n, es muy necesario para poder asistir a la poblaci\u00f3n, tanto en la prevenci\u00f3n como en la promoci\u00f3n, y dar de esta manera continuidad a una buena salud\u201d.<\/p>\n\n\n\n<p>La titular de la cartera sanitaria recalc\u00f3 que la mejora en la infraestructura del sistema de salud chaque\u00f1o es integral, \u201cya que trabajamos arduamente no solo para la cobertura de las necesidades de aquellas personas que requieren internaci\u00f3n o cursan alguna enfermedad, sino tambi\u00e9n en fortalecer todas las atenciones para prevenir enfermedades\u201d, agreg\u00f3.<\/p>\n","protected":false},"excerpt":{"rendered":"<p>El gobernador Jorge Capitanich y la ministra Paola Ben\u00edtez inauguraron este viernes las refacciones integrales del Centro de Atenci\u00f3n Primaria de la Salud (CAPS) en Villa Don Alberto de Resistencia, donde se brinda atenci\u00f3n obst\u00e9trica, cl\u00ednica, odontol\u00f3gica, pedi\u00e1trica y de nutrici\u00f3n. La obra, que demand\u00f3 una inversi\u00f3n de $10.861.090, incluy\u00f3 mobiliario nuevo y adecuaci\u00f3n de &hellip;<\/p>\n","protected":false},"author":2,"featured_media":13130,"comment_status":"open","ping_status":"open","sticky":false,"template":"","format":"standard","meta":{"_jetpack_memberships_contains_paid_content":false,"footnotes":"","jetpack_publicize_message":"","jetpack_publicize_feature_enabled":true,"jetpack_social_post_already_shared":true,"jetpack_social_options":{"image_generator_settings":{"template":"highway","default_image_id":0,"font":"","enabled":false},"version":2}},"categories":[37,46],"tags":[],"class_list":["post-13129","post","type-post","status-publish","format-standard","has-post-thumbnail","hentry","category-resistencia","category-salud"],"jetpack_publicize_connections":[],"jetpack_featured_media_url":"https:\/\/portalmovil.com.ar\/wp-content\/uploads\/2020\/09\/5f6e0678bc9f1456879818.jpg","jetpack_sharing_enabled":true,"amp_enabled":true,"_links":{"self":[{"href":"https:\/\/portalmovil.com.ar\/index.php\/wp-json\/wp\/v2\/posts\/13129","targetHints":{"allow":["GET"]}}],"collection":[{"href":"https:\/\/portalmovil.com.ar\/index.php\/wp-json\/wp\/v2\/posts"}],"about":[{"href":"https:\/\/portalmovil.com.ar\/index.php\/wp-json\/wp\/v2\/types\/post"}],"author":[{"embeddable":true,"href":"https:\/\/portalmovil.com.ar\/index.php\/wp-json\/wp\/v2\/users\/2"}],"replies":[{"embeddable":true,"href":"https:\/\/portalmovil.com.ar\/index.php\/wp-json\/wp\/v2\/comments?post=13129"}],"version-history":[{"count":1,"href":"https:\/\/portalmovil.com.ar\/index.php\/wp-json\/wp\/v2\/posts\/13129\/revisions"}],"predecessor-version":[{"id":13131,"href":"https:\/\/portalmovil.com.ar\/index.php\/wp-json\/wp\/v2\/posts\/13129\/revisions\/13131"}],"wp:featuredmedia":[{"embeddable":true,"href":"https:\/\/portalmovil.com.ar\/index.php\/wp-json\/wp\/v2\/media\/13130"}],"wp:attachment":[{"href":"https:\/\/portalmovil.com.ar\/index.php\/wp-json\/wp\/v2\/media?parent=13129"}],"wp:term":[{"taxonomy":"category","embeddable":true,"href":"https:\/\/portalmovil.com.ar\/index.php\/wp-json\/wp\/v2\/categories?post=13129"},{"taxonomy":"post_tag","embeddable":true,"href":"https:\/\/portalmovil.com.ar\/index.php\/wp-json\/wp\/v2\/tags?post=13129"}],"curies":[{"name":"wp","href":"https:\/\/api.w.org\/{rel}","templated":true}]}}