{"id":13126,"date":"2020-09-25T17:13:49","date_gmt":"2020-09-25T20:13:49","guid":{"rendered":"https:\/\/portalmovil.com.ar\/?p=13126"},"modified":"2020-09-25T17:13:52","modified_gmt":"2020-09-25T20:13:52","slug":"resistencia-el-municipio-relanza-la-campana-ponete-las-pilas","status":"publish","type":"post","link":"https:\/\/portalmovil.com.ar\/index.php\/2020\/09\/25\/resistencia-el-municipio-relanza-la-campana-ponete-las-pilas\/","title":{"rendered":"Resistencia: El Municipio relanza la campa\u00f1a \u201cPonete las pilas\u201d"},"content":{"rendered":"\n<p>El intendente de la Ciudad de Resistencia, Gustavo Mart\u00ednez, junto al subsecretario de Ambiente comunal, Pablo Alegre, y la madrina de la Fundaci\u00f3n Expresarte, Katia Blanc, firmaron un convenio conjunto de relanzamiento de la campa\u00f1a \u201cPonete las Pilas\u201d.<\/p>\n\n\n\n<p>El 3 de octubre ser\u00e1 la primera jornada de recolecci\u00f3n en la plaza Belgrano y luego, cada s\u00e1bado, se ir\u00e1n sumando puntos verdes en las cuatro plazas centrales y diversos bulevares de la Ciudad para que los vecinos acerquen bater\u00edas de celulares y pilas en desuso, sum\u00e1ndose as\u00ed a esta iniciativa que promueve el cuidado del ambiente y la salud.<\/p>\n\n\n\n<p>La campa\u00f1a busca crear conciencia sobre la importancia del reciclado de estos materiales tan nocivos para el ambiente y promueve acciones para retirarlos de circulaci\u00f3n mediante el acopio, traslado y disposici\u00f3n final.<\/p>\n\n\n\n<p>Blanc celebr\u00f3 poder, a dos a\u00f1os de su lanzamiento, volver a trabajar articuladamente con la Ciudad en la recolecci\u00f3n responsable de este material peligroso y nocivo que son las pilas en desuso. \u201cBuscamos erradicarlas totalmente de Resistencia y es fundamental la acci\u00f3n conjunta para poder lograrlo\u201d, marc\u00f3 y record\u00f3 la buena respuesta que tuvo la campa\u00f1a en su primera edici\u00f3n \u201cdonde los vecinos participaron mucho y acercaron sus pilas, algo muy importante porque no las desecharon con los residuos org\u00e1nicos\u201d.<\/p>\n\n\n\n<p>La referente convoc\u00f3 a la ciudadan\u00eda a seguir sum\u00e1ndose y que a partir del 3 de octubre junten sus pilas, que muchas veces no saben d\u00f3nde llevarlas, y las acerquen a los distintos puntos verdes que tendr\u00e1 la campa\u00f1a.<\/p>\n\n\n\n<p>Adem\u00e1s, la referente adelant\u00f3 que la campa\u00f1a contempla el trabajo conjunto con comercios y bares para la promoci\u00f3n de la iniciativa y la recolecci\u00f3n de las pilas. En el marco de esta idea, el domingo 4 de octubre, de 18 a 21 horas, \u201cPonete las Pilas\u201d tendr\u00e1 un stand en el boulevard de la avenida Laprida 88, frente al Bar Nebraska, para que puedan acercar las mismas y acceder tambi\u00e9n a descuentos en distintas consumiciones en este local.<\/p>\n\n\n\n<p>\u201cDe a poco vamos a ir sumando m\u00e1s bares responsables\u201d, afirm\u00f3 e invit\u00f3 \u201ca los comerciantes a ser parte de la campa\u00f1a para lograr entre todos la erradicaci\u00f3n en Resistencia de las pilas en desuso\u201d.<\/p>\n\n\n\n<p>Los interesados pueden interiorizarse sobre la campa\u00f1a a trav\u00e9s de las redes sociales Facebook e Instagram de la Fundaci\u00f3n Expresarte y de Katia Blanc.<\/p>\n\n\n\n<p>Por su parte, Alegre, remarc\u00f3 la importancia del trabajo conjunto con instituciones y record\u00f3 que se trata de un eje transversal de la gesti\u00f3n de Gustavo Mart\u00ednez. \u201cEs fundamental involucrarse como ciudadano y como ciudad en este proceso para erradicar este elemento que es tan nocivo para el ambiente y para la salud de los vecinos\u201d, subray\u00f3.<\/p>\n\n\n\n<p>El subsecretario detall\u00f3 que la idea es establecer distintos puntos para que el vecino pueda acercarse y dejar este material tan contaminante. La Ciudad acopiar\u00e1 este material para luego establecer los convenios necesarios para su correcto traslado y disposici\u00f3n final.<\/p>\n\n\n\n<p>Resalt\u00f3 la importancia de que \u201cel vecino comprenda y entienda sobre lo peligroso de este tipo de residuo por los componentes que tiene\u201d y que \u201cse comprometan, no solo con la campa\u00f1a en s\u00ed, sino tambi\u00e9n con el reciclaje y todo lo relacionado a la reducci\u00f3n y control de una correcta disposici\u00f3n final de todo tipo de residuo\u201d.<\/p>\n","protected":false},"excerpt":{"rendered":"<p>El intendente de la Ciudad de Resistencia, Gustavo Mart\u00ednez, junto al subsecretario de Ambiente comunal, Pablo Alegre, y la madrina de la Fundaci\u00f3n Expresarte, Katia Blanc, firmaron un convenio conjunto de relanzamiento de la campa\u00f1a \u201cPonete las Pilas\u201d. El 3 de octubre ser\u00e1 la primera jornada de recolecci\u00f3n en la plaza Belgrano y luego, cada &hellip;<\/p>\n","protected":false},"author":2,"featured_media":13127,"comment_status":"open","ping_status":"open","sticky":false,"template":"","format":"standard","meta":{"_jetpack_memberships_contains_paid_content":false,"footnotes":"","jetpack_publicize_message":"","jetpack_publicize_feature_enabled":true,"jetpack_social_post_already_shared":true,"jetpack_social_options":{"image_generator_settings":{"template":"highway","default_image_id":0,"font":"","enabled":false},"version":2}},"categories":[37],"tags":[],"class_list":["post-13126","post","type-post","status-publish","format-standard","has-post-thumbnail","hentry","category-resistencia"],"jetpack_publicize_connections":[],"jetpack_featured_media_url":"https:\/\/portalmovil.com.ar\/wp-content\/uploads\/2020\/09\/gmzzz-2-696x522-1.jpg","jetpack_sharing_enabled":true,"amp_enabled":true,"_links":{"self":[{"href":"https:\/\/portalmovil.com.ar\/index.php\/wp-json\/wp\/v2\/posts\/13126","targetHints":{"allow":["GET"]}}],"collection":[{"href":"https:\/\/portalmovil.com.ar\/index.php\/wp-json\/wp\/v2\/posts"}],"about":[{"href":"https:\/\/portalmovil.com.ar\/index.php\/wp-json\/wp\/v2\/types\/post"}],"author":[{"embeddable":true,"href":"https:\/\/portalmovil.com.ar\/index.php\/wp-json\/wp\/v2\/users\/2"}],"replies":[{"embeddable":true,"href":"https:\/\/portalmovil.com.ar\/index.php\/wp-json\/wp\/v2\/comments?post=13126"}],"version-history":[{"count":1,"href":"https:\/\/portalmovil.com.ar\/index.php\/wp-json\/wp\/v2\/posts\/13126\/revisions"}],"predecessor-version":[{"id":13128,"href":"https:\/\/portalmovil.com.ar\/index.php\/wp-json\/wp\/v2\/posts\/13126\/revisions\/13128"}],"wp:featuredmedia":[{"embeddable":true,"href":"https:\/\/portalmovil.com.ar\/index.php\/wp-json\/wp\/v2\/media\/13127"}],"wp:attachment":[{"href":"https:\/\/portalmovil.com.ar\/index.php\/wp-json\/wp\/v2\/media?parent=13126"}],"wp:term":[{"taxonomy":"category","embeddable":true,"href":"https:\/\/portalmovil.com.ar\/index.php\/wp-json\/wp\/v2\/categories?post=13126"},{"taxonomy":"post_tag","embeddable":true,"href":"https:\/\/portalmovil.com.ar\/index.php\/wp-json\/wp\/v2\/tags?post=13126"}],"curies":[{"name":"wp","href":"https:\/\/api.w.org\/{rel}","templated":true}]}}