{"id":13033,"date":"2020-09-23T16:18:09","date_gmt":"2020-09-23T19:18:09","guid":{"rendered":"https:\/\/portalmovil.com.ar\/?p=13033"},"modified":"2020-09-23T16:18:11","modified_gmt":"2020-09-23T19:18:11","slug":"el-censo-nacional-se-haria-en-mayo-o-noviembre-de-2021","status":"publish","type":"post","link":"https:\/\/portalmovil.com.ar\/index.php\/2020\/09\/23\/el-censo-nacional-se-haria-en-mayo-o-noviembre-de-2021\/","title":{"rendered":"El Censo Nacional se har\u00eda en mayo o noviembre de 2021"},"content":{"rendered":"\n<p>El director del Instituto Nacional de Estad\u00edstica y Censos\u00a0(Indec),\u00a0Marco Lavagna,\u00a0afirm\u00f3 este mi\u00e9rcoles que el\u00a0Censo\u00a0Nacional que deb\u00eda hacerse en 2020 pero fue suspendido por la\u00a0pandemia\u00a0de coronavirus\u00a0se realizar\u00eda en mayo o noviembre de 2021.<\/p>\n\n\n\n<p>Durante su exposici\u00f3n ante la comisi\u00f3n de Poblaci\u00f3n y Desarrollo Humano de Diputados el titular del Indec asegur\u00f3 que&nbsp;el censo de 2021 podr\u00eda hacerse con un cuestionario digital para que \u00ablos propios ciudadanos se puedan censar\u00bb&nbsp;a trav\u00e9s de una p\u00e1gina web o de una aplicaci\u00f3n de celular.<\/p>\n\n\n\n<p>Aunque todav\u00eda\u00a0no est\u00e1 \u00ab100% definido\u00bb el m\u00e9todo\u00a0que se utilizar\u00e1, Lavagna (h) estableci\u00f3 que el Censo 2020, ahora convertido en Censo 2021 por fuerza mayor,\u00a0demandar\u00e1 un presupuesto de $ 14.500 millones.<\/p>\n\n\n\n<p>Se espera que se realicen pruebas piloto para determinar si el cuestionario digital es efectivo y aplicable a nivel nacional con el objetivo de \u00abmaximizar la cobertura del operativo censal\u00bb.<\/p>\n\n\n\n<p>Lavagna se\u00f1al\u00f3 en Diputados que se busca \u00abque toda la poblaci\u00f3n conteste el censo, tener una baja tasa de rechazo y que la cantidad de datos que tengamos sea robusta&nbsp;para que nos permita desarrollar despu\u00e9s los marcos muestrales de forma m\u00e1s eficiente y \u00f3ptima\u00bb.<\/p>\n\n\n\n<p>El Gobierno Nacional dispuso la postergaci\u00f3n del censo nacional de poblaci\u00f3n de hogares y viviendas previsto para este a\u00f1o a trav\u00e9s del decreto 762\/2020, publicado en el Bolet\u00edn Oficial, en el que adem\u00e1s le dio al Indec \u00abhasta 60 d\u00edas posteriores a la finalizaci\u00f3n de la emergencia\u00bb por la pandemia de coronavirus para la determinaci\u00f3n de una nueva fecha para el operativo.<\/p>\n\n\n\n<p>Adem\u00e1s la norma advierte que se tendr\u00e1 que tener en cuenta el \u00abcalendario electoral previsto para la segunda mitad del a\u00f1o 2021, con el fin de no superponer o entorpecer la planificaci\u00f3n y desarrollo del sufragio en el territorio nacional con las actividades censales\u00bb.<\/p>\n","protected":false},"excerpt":{"rendered":"<p>El director del Instituto Nacional de Estad\u00edstica y Censos\u00a0(Indec),\u00a0Marco Lavagna,\u00a0afirm\u00f3 este mi\u00e9rcoles que el\u00a0Censo\u00a0Nacional que deb\u00eda hacerse en 2020 pero fue suspendido por la\u00a0pandemia\u00a0de coronavirus\u00a0se realizar\u00eda en mayo o noviembre de 2021. Durante su exposici\u00f3n ante la comisi\u00f3n de Poblaci\u00f3n y Desarrollo Humano de Diputados el titular del Indec asegur\u00f3 que&nbsp;el censo de 2021 podr\u00eda &hellip;<\/p>\n","protected":false},"author":2,"featured_media":13034,"comment_status":"open","ping_status":"open","sticky":false,"template":"","format":"standard","meta":{"_jetpack_memberships_contains_paid_content":false,"footnotes":"","jetpack_publicize_message":"","jetpack_publicize_feature_enabled":true,"jetpack_social_post_already_shared":true,"jetpack_social_options":{"image_generator_settings":{"template":"highway","default_image_id":0,"font":"","enabled":false},"version":2}},"categories":[34],"tags":[],"class_list":["post-13033","post","type-post","status-publish","format-standard","has-post-thumbnail","hentry","category-nacional"],"jetpack_publicize_connections":[],"jetpack_featured_media_url":"https:\/\/portalmovil.com.ar\/wp-content\/uploads\/2020\/09\/5f6b6f924a274_738_486.jpg","jetpack_sharing_enabled":true,"amp_enabled":true,"_links":{"self":[{"href":"https:\/\/portalmovil.com.ar\/index.php\/wp-json\/wp\/v2\/posts\/13033","targetHints":{"allow":["GET"]}}],"collection":[{"href":"https:\/\/portalmovil.com.ar\/index.php\/wp-json\/wp\/v2\/posts"}],"about":[{"href":"https:\/\/portalmovil.com.ar\/index.php\/wp-json\/wp\/v2\/types\/post"}],"author":[{"embeddable":true,"href":"https:\/\/portalmovil.com.ar\/index.php\/wp-json\/wp\/v2\/users\/2"}],"replies":[{"embeddable":true,"href":"https:\/\/portalmovil.com.ar\/index.php\/wp-json\/wp\/v2\/comments?post=13033"}],"version-history":[{"count":1,"href":"https:\/\/portalmovil.com.ar\/index.php\/wp-json\/wp\/v2\/posts\/13033\/revisions"}],"predecessor-version":[{"id":13035,"href":"https:\/\/portalmovil.com.ar\/index.php\/wp-json\/wp\/v2\/posts\/13033\/revisions\/13035"}],"wp:featuredmedia":[{"embeddable":true,"href":"https:\/\/portalmovil.com.ar\/index.php\/wp-json\/wp\/v2\/media\/13034"}],"wp:attachment":[{"href":"https:\/\/portalmovil.com.ar\/index.php\/wp-json\/wp\/v2\/media?parent=13033"}],"wp:term":[{"taxonomy":"category","embeddable":true,"href":"https:\/\/portalmovil.com.ar\/index.php\/wp-json\/wp\/v2\/categories?post=13033"},{"taxonomy":"post_tag","embeddable":true,"href":"https:\/\/portalmovil.com.ar\/index.php\/wp-json\/wp\/v2\/tags?post=13033"}],"curies":[{"name":"wp","href":"https:\/\/api.w.org\/{rel}","templated":true}]}}