{"id":13011,"date":"2020-09-23T09:40:46","date_gmt":"2020-09-23T12:40:46","guid":{"rendered":"https:\/\/portalmovil.com.ar\/?p=13011"},"modified":"2020-09-23T09:40:50","modified_gmt":"2020-09-23T12:40:50","slug":"arroyo-es-evidente-que-hemos-tenido-un-aumento-de-la-pobreza","status":"publish","type":"post","link":"https:\/\/portalmovil.com.ar\/index.php\/2020\/09\/23\/arroyo-es-evidente-que-hemos-tenido-un-aumento-de-la-pobreza\/","title":{"rendered":"Arroyo: \u00abEs evidente que hemos tenido un aumento de la pobreza\u00bb"},"content":{"rendered":"\n<p>El ministro de Desarrollo Social, Daniel Arroyo, dijo hoy que \u00abes evidente que hemos tenido un aumento de la pobreza\u00bb y que la prioridad ser\u00e1 \u00abrecuperar a los que, en el medio de la pandemia, se transformaron en sectores pobres y no lo eran\u00bb.<\/p>\n\n\n\n<p>\u00abEs evidente que hemos tenido un aumento de la pobreza\u00bb, dijo Arroyo en declaraciones formuladas esta ma\u00f1ana a la radio La Red al ser consultado sobre su previsi\u00f3n en relaci\u00f3n a las estad\u00edsticas referidas a la evoluci\u00f3n de la pobreza en el primer semestre del a\u00f1o, que dar\u00e1 a conocer el pr\u00f3ximo 30.<\/p>\n\n\n\n<p>En este sentido, el ministro se\u00f1al\u00f3 que\u00a0los sectores de la poblaci\u00f3n que se encuentran actualmente bajo la l\u00ednea de pobreza son \u00ablos que ya lo eran, a lo que se les sum\u00f3 a los que se le pararon las changas por la pandemia, y la gente que, con un trabajo formal, termin\u00f3 igual en un merendero porque no le alcanza\u00bb.<\/p>\n\n\n\n<p>En ese marco, Arroyo manifest\u00f3 que \u00abla primera tarea es recuperar a los que en el medio de la pandemia se transformaron en sectores pobres y no lo eran\u00bb.<\/p>\n","protected":false},"excerpt":{"rendered":"<p>El ministro de Desarrollo Social, Daniel Arroyo, dijo hoy que \u00abes evidente que hemos tenido un aumento de la pobreza\u00bb y que la prioridad ser\u00e1 \u00abrecuperar a los que, en el medio de la pandemia, se transformaron en sectores pobres y no lo eran\u00bb. \u00abEs evidente que hemos tenido un aumento de la pobreza\u00bb, dijo &hellip;<\/p>\n","protected":false},"author":2,"featured_media":4427,"comment_status":"open","ping_status":"open","sticky":false,"template":"","format":"standard","meta":{"_jetpack_memberships_contains_paid_content":false,"footnotes":"","jetpack_publicize_message":"","jetpack_publicize_feature_enabled":true,"jetpack_social_post_already_shared":true,"jetpack_social_options":{"image_generator_settings":{"template":"highway","default_image_id":0,"font":"","enabled":false},"version":2}},"categories":[34],"tags":[],"class_list":["post-13011","post","type-post","status-publish","format-standard","has-post-thumbnail","hentry","category-nacional"],"jetpack_publicize_connections":[],"jetpack_featured_media_url":"https:\/\/portalmovil.com.ar\/wp-content\/uploads\/2020\/03\/multimedia.normal.ac64e74f5d17a65f.4172726f796f20c2a9204e415f6e6f726d616c2e6a7067.jpg","jetpack_sharing_enabled":true,"amp_enabled":true,"_links":{"self":[{"href":"https:\/\/portalmovil.com.ar\/index.php\/wp-json\/wp\/v2\/posts\/13011","targetHints":{"allow":["GET"]}}],"collection":[{"href":"https:\/\/portalmovil.com.ar\/index.php\/wp-json\/wp\/v2\/posts"}],"about":[{"href":"https:\/\/portalmovil.com.ar\/index.php\/wp-json\/wp\/v2\/types\/post"}],"author":[{"embeddable":true,"href":"https:\/\/portalmovil.com.ar\/index.php\/wp-json\/wp\/v2\/users\/2"}],"replies":[{"embeddable":true,"href":"https:\/\/portalmovil.com.ar\/index.php\/wp-json\/wp\/v2\/comments?post=13011"}],"version-history":[{"count":1,"href":"https:\/\/portalmovil.com.ar\/index.php\/wp-json\/wp\/v2\/posts\/13011\/revisions"}],"predecessor-version":[{"id":13012,"href":"https:\/\/portalmovil.com.ar\/index.php\/wp-json\/wp\/v2\/posts\/13011\/revisions\/13012"}],"wp:featuredmedia":[{"embeddable":true,"href":"https:\/\/portalmovil.com.ar\/index.php\/wp-json\/wp\/v2\/media\/4427"}],"wp:attachment":[{"href":"https:\/\/portalmovil.com.ar\/index.php\/wp-json\/wp\/v2\/media?parent=13011"}],"wp:term":[{"taxonomy":"category","embeddable":true,"href":"https:\/\/portalmovil.com.ar\/index.php\/wp-json\/wp\/v2\/categories?post=13011"},{"taxonomy":"post_tag","embeddable":true,"href":"https:\/\/portalmovil.com.ar\/index.php\/wp-json\/wp\/v2\/tags?post=13011"}],"curies":[{"name":"wp","href":"https:\/\/api.w.org\/{rel}","templated":true}]}}