{"id":12958,"date":"2020-09-22T09:07:32","date_gmt":"2020-09-22T12:07:32","guid":{"rendered":"https:\/\/portalmovil.com.ar\/?p=12958"},"modified":"2020-09-22T09:11:31","modified_gmt":"2020-09-22T12:11:31","slug":"alberto-fernandez-dara-este-martes-su-primer-mensaje-ante-la-asamblea-general-de-la-onu","status":"publish","type":"post","link":"https:\/\/portalmovil.com.ar\/index.php\/2020\/09\/22\/alberto-fernandez-dara-este-martes-su-primer-mensaje-ante-la-asamblea-general-de-la-onu\/","title":{"rendered":"Alberto Fern\u00e1ndez dar\u00e1 este martes su primer mensaje ante la Asamblea General de la ONU"},"content":{"rendered":"\n<p>El presidente Alberto Fern\u00e1ndez pronunciar\u00e1 hoy un\u00a0<strong>discurso ante la Asamblea General de las Naciones Unidas<\/strong>, que se realizar\u00e1 en forma virtual por el coronavirus, en el que\u00a0reivindicar\u00e1 el di\u00e1logo y la cooperaci\u00f3n para superar la pandemia, resaltar\u00e1 la pr\u00e9dica del papa Francisco para recrear un multilateralismo basado en la solidaridad y destacar\u00e1 el acuerdo alcanzado por la Argentina por la deuda externa.<\/p>\n\n\n\n<p>Fern\u00e1ndez, quien&nbsp;<strong>por primera vez participar\u00e1 de una reuni\u00f3n de la ONU desde que asumi\u00f3 al frente del Poder Ejecutivo<\/strong>, ser\u00e1 el d\u00e9cimo orador en la jornada inicial de deliberaciones, en las que adem\u00e1s se celebrar\u00e1 el 75 aniversario de la creaci\u00f3n del organismo internacional, aunque en esta oportunidad con una din\u00e1mica virtual in\u00e9dita debido a la pandemia.<\/p>\n\n\n\n<p>Se estima que&nbsp;<strong>el mensaje del Presidente argentino ser\u00e1 difundido en la Sala de la Asamblea entre las 18 y las 19 (hora de la Argentina)<\/strong>, debido al orden de los oradores, entre los que se encuentran los mandatarios de M\u00e9xico, Colombia, Uruguay y Per\u00fa, cuyos discursos tambi\u00e9n fueron enviados ya grabados, seg\u00fan se acord\u00f3, para ajustarse a las disposiciones de seguridad sanitarias sugeridas por la Organizaci\u00f3n Mundial de la Salud (OMS).<\/p>\n","protected":false},"excerpt":{"rendered":"<p>El presidente Alberto Fern\u00e1ndez pronunciar\u00e1 hoy un\u00a0discurso ante la Asamblea General de las Naciones Unidas, que se realizar\u00e1 en forma virtual por el coronavirus, en el que\u00a0reivindicar\u00e1 el di\u00e1logo y la cooperaci\u00f3n para superar la pandemia, resaltar\u00e1 la pr\u00e9dica del papa Francisco para recrear un multilateralismo basado en la solidaridad y destacar\u00e1 el acuerdo alcanzado &hellip;<\/p>\n","protected":false},"author":2,"featured_media":6003,"comment_status":"open","ping_status":"open","sticky":false,"template":"","format":"standard","meta":{"_jetpack_memberships_contains_paid_content":false,"footnotes":"","jetpack_publicize_message":"","jetpack_publicize_feature_enabled":true,"jetpack_social_post_already_shared":true,"jetpack_social_options":{"image_generator_settings":{"template":"highway","default_image_id":0,"font":"","enabled":false},"version":2}},"categories":[34,12],"tags":[],"class_list":["post-12958","post","type-post","status-publish","format-standard","has-post-thumbnail","hentry","category-nacional","category-ultimo"],"jetpack_publicize_connections":[],"jetpack_featured_media_url":"https:\/\/portalmovil.com.ar\/wp-content\/uploads\/2020\/05\/alberto-f.jpg","jetpack_sharing_enabled":true,"amp_enabled":true,"_links":{"self":[{"href":"https:\/\/portalmovil.com.ar\/index.php\/wp-json\/wp\/v2\/posts\/12958","targetHints":{"allow":["GET"]}}],"collection":[{"href":"https:\/\/portalmovil.com.ar\/index.php\/wp-json\/wp\/v2\/posts"}],"about":[{"href":"https:\/\/portalmovil.com.ar\/index.php\/wp-json\/wp\/v2\/types\/post"}],"author":[{"embeddable":true,"href":"https:\/\/portalmovil.com.ar\/index.php\/wp-json\/wp\/v2\/users\/2"}],"replies":[{"embeddable":true,"href":"https:\/\/portalmovil.com.ar\/index.php\/wp-json\/wp\/v2\/comments?post=12958"}],"version-history":[{"count":2,"href":"https:\/\/portalmovil.com.ar\/index.php\/wp-json\/wp\/v2\/posts\/12958\/revisions"}],"predecessor-version":[{"id":12960,"href":"https:\/\/portalmovil.com.ar\/index.php\/wp-json\/wp\/v2\/posts\/12958\/revisions\/12960"}],"wp:featuredmedia":[{"embeddable":true,"href":"https:\/\/portalmovil.com.ar\/index.php\/wp-json\/wp\/v2\/media\/6003"}],"wp:attachment":[{"href":"https:\/\/portalmovil.com.ar\/index.php\/wp-json\/wp\/v2\/media?parent=12958"}],"wp:term":[{"taxonomy":"category","embeddable":true,"href":"https:\/\/portalmovil.com.ar\/index.php\/wp-json\/wp\/v2\/categories?post=12958"},{"taxonomy":"post_tag","embeddable":true,"href":"https:\/\/portalmovil.com.ar\/index.php\/wp-json\/wp\/v2\/tags?post=12958"}],"curies":[{"name":"wp","href":"https:\/\/api.w.org\/{rel}","templated":true}]}}