{"id":12945,"date":"2020-09-21T16:23:33","date_gmt":"2020-09-21T19:23:33","guid":{"rendered":"https:\/\/portalmovil.com.ar\/?p=12945"},"modified":"2020-09-21T16:23:36","modified_gmt":"2020-09-21T19:23:36","slug":"la-cgt-podria-convocar-a-una-manifestacion-el-17-de-octubre","status":"publish","type":"post","link":"https:\/\/portalmovil.com.ar\/index.php\/2020\/09\/21\/la-cgt-podria-convocar-a-una-manifestacion-el-17-de-octubre\/","title":{"rendered":"La CGT podr\u00eda convocar a una manifestaci\u00f3n el 17 de octubre"},"content":{"rendered":"\n<p>El co-secretario general de la Confederaci\u00f3n General del Trabajo (CGT), H\u00e9ctor Daer, asegur\u00f3 este lunes que esa central convocar\u00e1 a una gran movilizaci\u00f3n para el pr\u00f3ximo 17 de octubre en apoyo al gobierno de Alberto Fern\u00e1ndez.<\/p>\n\n\n\n<p>En di\u00e1logo con <em><strong>FM La Patriada,<\/strong><\/em> Daer no dud\u00f3 en formular la pol\u00e9mica propuesta mientras siguen vigentes las restricciones impuestas por el Gobierno el 20 de marzo pasado para intentar contener el avance de la pandemia de coronavirus Covid-19. A pesar de la cuarentena, Daer asegur\u00f3 que \u00abel 17 de octubre podr\u00edamos convocar a una manifestaci\u00f3n muy importante de apoyo al Gobierno\u00bb.<\/p>\n\n\n\n<p>E insisti\u00f3:&nbsp;\u00abPor ah\u00ed nos podemos convocar tomando todas las precauciones en una fecha hist\u00f3rica para todos los trabajadores que es el 17 de octubre\u00bb.<\/p>\n\n\n\n<p>D\u00edas atr\u00e1s, en el marco de la protestas de un sector de\u00a0la Polic\u00eda Bonaerense frente a la Quinta de Olivos para reclamar mejoras salariales, desde un sector del oficialismo convocaron a una marcha en defensa del Gobierno, sin embargo\u00a0fue el propio presidente Alberto Fern\u00e1ndez quien pidi\u00f3 desactivarla en virtud de la delicada situaci\u00f3n epidemiol\u00f3gica\u00a0que atraviesa todav\u00eda el \u00c1rea Metropolitana de Buenos Aires (AMBA), la m\u00e1s afectada por la pandemia.<\/p>\n\n\n\n<p>El referente de los trabajadores de la Sanidad destac\u00f3 adem\u00e1s el refuerzo del sistema de Salud dispuesto para enfrentar la pandemia y asegur\u00f3 que&nbsp;\u00abArgentina tiene un sistema de salud in\u00e9dito en la regi\u00f3n, de una gran cobertura. Y un desarrollo tecnol\u00f3gico del sector farmac\u00e9utico m\u00e1s que importante\u00bb.<\/p>\n\n\n\n<p>Daer tambi\u00e9n carg\u00f3 contra el ex presidente interino\u00a0Eduardo Duhalde\u00a0que en las \u00faltimas semanas comenz\u00f3 a tirar con munici\u00f3n gruesa contra el Gobierno, primero hablando de la posibilidad de un golpe de Estado y luego al asegurar que\u00a0el presidente estaba \u00abgrogui como Fernando de la R\u00faa\u00bb cuando tuvo que renunciar.<\/p>\n\n\n\n<p>\u00abNing\u00fan actor pol\u00edtico est\u00e1 grogui, las dificultades que tiene este pa\u00eds son producto de la pandemia y de la gesti\u00f3n anterior. Le pido responsabilidad\u00bb,\u00a0dijo Daer.<\/p>\n","protected":false},"excerpt":{"rendered":"<p>El co-secretario general de la Confederaci\u00f3n General del Trabajo (CGT), H\u00e9ctor Daer, asegur\u00f3 este lunes que esa central convocar\u00e1 a una gran movilizaci\u00f3n para el pr\u00f3ximo 17 de octubre en apoyo al gobierno de Alberto Fern\u00e1ndez. En di\u00e1logo con FM La Patriada, Daer no dud\u00f3 en formular la pol\u00e9mica propuesta mientras siguen vigentes las restricciones &hellip;<\/p>\n","protected":false},"author":2,"featured_media":12946,"comment_status":"open","ping_status":"open","sticky":false,"template":"","format":"standard","meta":{"_jetpack_memberships_contains_paid_content":false,"footnotes":"","jetpack_publicize_message":"","jetpack_publicize_feature_enabled":true,"jetpack_social_post_already_shared":true,"jetpack_social_options":{"image_generator_settings":{"template":"highway","default_image_id":0,"font":"","enabled":false},"version":2}},"categories":[34],"tags":[],"class_list":["post-12945","post","type-post","status-publish","format-standard","has-post-thumbnail","hentry","category-nacional"],"jetpack_publicize_connections":[],"jetpack_featured_media_url":"https:\/\/portalmovil.com.ar\/wp-content\/uploads\/2020\/09\/cgt-marcha.jpg","jetpack_sharing_enabled":true,"amp_enabled":true,"_links":{"self":[{"href":"https:\/\/portalmovil.com.ar\/index.php\/wp-json\/wp\/v2\/posts\/12945","targetHints":{"allow":["GET"]}}],"collection":[{"href":"https:\/\/portalmovil.com.ar\/index.php\/wp-json\/wp\/v2\/posts"}],"about":[{"href":"https:\/\/portalmovil.com.ar\/index.php\/wp-json\/wp\/v2\/types\/post"}],"author":[{"embeddable":true,"href":"https:\/\/portalmovil.com.ar\/index.php\/wp-json\/wp\/v2\/users\/2"}],"replies":[{"embeddable":true,"href":"https:\/\/portalmovil.com.ar\/index.php\/wp-json\/wp\/v2\/comments?post=12945"}],"version-history":[{"count":1,"href":"https:\/\/portalmovil.com.ar\/index.php\/wp-json\/wp\/v2\/posts\/12945\/revisions"}],"predecessor-version":[{"id":12947,"href":"https:\/\/portalmovil.com.ar\/index.php\/wp-json\/wp\/v2\/posts\/12945\/revisions\/12947"}],"wp:featuredmedia":[{"embeddable":true,"href":"https:\/\/portalmovil.com.ar\/index.php\/wp-json\/wp\/v2\/media\/12946"}],"wp:attachment":[{"href":"https:\/\/portalmovil.com.ar\/index.php\/wp-json\/wp\/v2\/media?parent=12945"}],"wp:term":[{"taxonomy":"category","embeddable":true,"href":"https:\/\/portalmovil.com.ar\/index.php\/wp-json\/wp\/v2\/categories?post=12945"},{"taxonomy":"post_tag","embeddable":true,"href":"https:\/\/portalmovil.com.ar\/index.php\/wp-json\/wp\/v2\/tags?post=12945"}],"curies":[{"name":"wp","href":"https:\/\/api.w.org\/{rel}","templated":true}]}}