{"id":12863,"date":"2020-09-19T14:43:01","date_gmt":"2020-09-19T17:43:01","guid":{"rendered":"https:\/\/portalmovil.com.ar\/?p=12863"},"modified":"2020-09-19T14:49:41","modified_gmt":"2020-09-19T17:49:41","slug":"el-inai-y-nacion-trabajan-en-una-linea-de-vivienda-indigena","status":"publish","type":"post","link":"https:\/\/portalmovil.com.ar\/index.php\/2020\/09\/19\/el-inai-y-nacion-trabajan-en-una-linea-de-vivienda-indigena\/","title":{"rendered":"Naci\u00f3n trabaja en una l\u00ednea de vivienda ind\u00edgena"},"content":{"rendered":"\n<p>La Presidenta del Instituto Nacional de Asuntos Ind\u00edgenas (INAI), Magdalena Odarda -organismo descentralizado bajo la \u00f3rbita del Ministerio de Justicia y Derechos Humanos-, mantuvo una reuni\u00f3n virtual con la Ministra de Desarrollo Territorial y H\u00e1bitat, Mar\u00eda Eugenia Bielsa.<\/p>\n\n\n\n<p>Participaron tambi\u00e9n del encuentro el referente de la comunidad Quadhuoqte de Rosario, Ernesto Talero, el Jefe de Gabinete del INAI, Alejandro Marmoni, y la Directora de Desarrollo de Comunidades Ind\u00edgenas del organismo, Natalia Novas.<\/p>\n\n\n\n<div class=\"wp-block-image\"><figure class=\"aligncenter size-large\"><img loading=\"lazy\" decoding=\"async\" width=\"686\" height=\"338\" src=\"https:\/\/portalmovil.com.ar\/wp-content\/uploads\/2020\/09\/inai_y_ministerio_de_desarrollo_territorial.jpg\" alt=\"\" class=\"wp-image-12869\" srcset=\"https:\/\/portalmovil.com.ar\/wp-content\/uploads\/2020\/09\/inai_y_ministerio_de_desarrollo_territorial.jpg 686w, https:\/\/portalmovil.com.ar\/wp-content\/uploads\/2020\/09\/inai_y_ministerio_de_desarrollo_territorial-300x148.jpg 300w\" sizes=\"auto, (max-width: 686px) 100vw, 686px\" \/><\/figure><\/div>\n\n\n\n<p>La reuni\u00f3n posibilit\u00f3 el tratamiento de distintos temas, tales como el proyecto \u201cArgentina Construye\u201d, l\u00edneas estrat\u00e9gicas para la planificaci\u00f3n con comunidades; pol\u00edticas esenciales de abordaje integral para ubicar y localizar a las comunidades que requieren espec\u00edficamente de este programa, entre otros t\u00f3picos referidos a tem\u00e1ticas ind\u00edgenas.<\/p>\n\n\n\n<p>Al respecto, Magdalena Odarda destac\u00f3 la buena relaci\u00f3n y predisposici\u00f3n existente por parte de la ministra Bielsa y todo su equipo de trabajo, haciendo hincapi\u00e9 en la pronta articulaci\u00f3n de mecanismos para el acceso a la vivienda digna. Plante\u00f3 al mismo tiempo la problem\u00e1tica del agua en el norte argentino y de las viviendas precarias en que habitan las comunidades, aspecto que las vuelve vulnerables a enfermedades producidas por la vinchuca.<\/p>\n\n\n\n<p>La titular del INAI afirm\u00f3 que \u201cla vivienda es una demanda hist\u00f3rica y que requiere soluciones de fondo. Bajo la perspectiva de esta mirada con profundo contenido social e igualitario, estamos realizando un trabajo programado a corto, mediano y largo plazo. Abordamos la idea de recuperar el Plan de Vivienda Ind\u00edgena, llevado a cabo durante la presidencia de Cristina F. de Kirchner, el cual obtuvo buenos resultados en su momento. Esto se debi\u00f3 a que la iniciativa ten\u00eda una impronta intercultural, con una visi\u00f3n ind\u00edgena\u201d.<\/p>\n\n\n\n<p>Por \u00faltimo, como balance del encuentro virtual con la ministra Bielsa, Magdalena Odarda celebr\u00f3 este tipo de reuniones que permiten avanzar en estas tem\u00e1ticas de forma din\u00e1mica y con firme decisi\u00f3n. Dej\u00f3 en claro tambi\u00e9n su deseo de poder plasmar una mec\u00e1nica participativa en la vivienda ind\u00edgena, incluyendo a las comunidades seg\u00fan sea su cosmovisi\u00f3n dentro de la planificaci\u00f3n de las mismas.<\/p>\n","protected":false},"excerpt":{"rendered":"<p>La Presidenta del Instituto Nacional de Asuntos Ind\u00edgenas (INAI), Magdalena Odarda -organismo descentralizado bajo la \u00f3rbita del Ministerio de Justicia y Derechos Humanos-, mantuvo una reuni\u00f3n virtual con la Ministra de Desarrollo Territorial y H\u00e1bitat, Mar\u00eda Eugenia Bielsa. Participaron tambi\u00e9n del encuentro el referente de la comunidad Quadhuoqte de Rosario, Ernesto Talero, el Jefe de &hellip;<\/p>\n","protected":false},"author":2,"featured_media":12864,"comment_status":"open","ping_status":"open","sticky":false,"template":"","format":"standard","meta":{"_jetpack_memberships_contains_paid_content":false,"footnotes":"","jetpack_publicize_message":"","jetpack_publicize_feature_enabled":true,"jetpack_social_post_already_shared":true,"jetpack_social_options":{"image_generator_settings":{"template":"highway","default_image_id":0,"font":"","enabled":false},"version":2}},"categories":[34],"tags":[],"class_list":["post-12863","post","type-post","status-publish","format-standard","has-post-thumbnail","hentry","category-nacional"],"jetpack_publicize_connections":[],"jetpack_featured_media_url":"https:\/\/portalmovil.com.ar\/wp-content\/uploads\/2020\/09\/00.jpg","jetpack_sharing_enabled":true,"amp_enabled":true,"_links":{"self":[{"href":"https:\/\/portalmovil.com.ar\/index.php\/wp-json\/wp\/v2\/posts\/12863","targetHints":{"allow":["GET"]}}],"collection":[{"href":"https:\/\/portalmovil.com.ar\/index.php\/wp-json\/wp\/v2\/posts"}],"about":[{"href":"https:\/\/portalmovil.com.ar\/index.php\/wp-json\/wp\/v2\/types\/post"}],"author":[{"embeddable":true,"href":"https:\/\/portalmovil.com.ar\/index.php\/wp-json\/wp\/v2\/users\/2"}],"replies":[{"embeddable":true,"href":"https:\/\/portalmovil.com.ar\/index.php\/wp-json\/wp\/v2\/comments?post=12863"}],"version-history":[{"count":3,"href":"https:\/\/portalmovil.com.ar\/index.php\/wp-json\/wp\/v2\/posts\/12863\/revisions"}],"predecessor-version":[{"id":12870,"href":"https:\/\/portalmovil.com.ar\/index.php\/wp-json\/wp\/v2\/posts\/12863\/revisions\/12870"}],"wp:featuredmedia":[{"embeddable":true,"href":"https:\/\/portalmovil.com.ar\/index.php\/wp-json\/wp\/v2\/media\/12864"}],"wp:attachment":[{"href":"https:\/\/portalmovil.com.ar\/index.php\/wp-json\/wp\/v2\/media?parent=12863"}],"wp:term":[{"taxonomy":"category","embeddable":true,"href":"https:\/\/portalmovil.com.ar\/index.php\/wp-json\/wp\/v2\/categories?post=12863"},{"taxonomy":"post_tag","embeddable":true,"href":"https:\/\/portalmovil.com.ar\/index.php\/wp-json\/wp\/v2\/tags?post=12863"}],"curies":[{"name":"wp","href":"https:\/\/api.w.org\/{rel}","templated":true}]}}