{"id":12778,"date":"2020-09-17T18:43:22","date_gmt":"2020-09-17T21:43:22","guid":{"rendered":"https:\/\/portalmovil.com.ar\/?p=12778"},"modified":"2020-09-17T18:43:25","modified_gmt":"2020-09-17T21:43:25","slug":"resistencia-vialidad-provincial-inicio-la-tercera-etapa-de-pavimento-en-villa-seitor","status":"publish","type":"post","link":"https:\/\/portalmovil.com.ar\/index.php\/2020\/09\/17\/resistencia-vialidad-provincial-inicio-la-tercera-etapa-de-pavimento-en-villa-seitor\/","title":{"rendered":"Resistencia: Vialidad Provincial inici\u00f3 la tercera etapa de pavimento en Villa Seitor"},"content":{"rendered":"\n<p>La Direcci\u00f3n de Vialidad Provincial (DVP) comenz\u00f3 la \u00faltima etapa de la obra de pavimento urbano que incluye tres cuadras de la avenida Moreno en el Barrio Villa Seitor de Resistencia. De esta manera se busca cerrar una malla pavimentada que permita un tr\u00e1nsito fluido y seguro por esta zona Oeste de la capital chaque\u00f1a.<\/p>\n\n\n\n<p>Si las condiciones clim\u00e1ticas lo permiten, se estima que los trabajos estar\u00e1n finalizados en las pr\u00f3ximas semanas. El proyecto, que demanda una inversi\u00f3n total de $29.800.000 financiada con recursos propios, incluye nueve cuadras, de las cuales ya se ejecutaron seis en las calles Fotheringam, Mansilla y Santiago del Estero.<\/p>\n\n\n\n<p>El administrador General de la DVP Hugo Varela explic\u00f3 que en esta etapa se ejecuta pavimento de hormig\u00f3n con cord\u00f3n integral desde la avenida Mac Lean hasta la calle Fotheringam. La ejecuci\u00f3n est\u00e1 a cargo de la empresa Novelli, con supervisi\u00f3n de la Ing. Karina Bassi de la Direcci\u00f3n de Vialidad Urbana. Las nuevas calles tendr\u00e1n un ancho de 7,30 metros y 15 cm de espesor.<\/p>\n","protected":false},"excerpt":{"rendered":"<p>La Direcci\u00f3n de Vialidad Provincial (DVP) comenz\u00f3 la \u00faltima etapa de la obra de pavimento urbano que incluye tres cuadras de la avenida Moreno en el Barrio Villa Seitor de Resistencia. De esta manera se busca cerrar una malla pavimentada que permita un tr\u00e1nsito fluido y seguro por esta zona Oeste de la capital chaque\u00f1a. &hellip;<\/p>\n","protected":false},"author":2,"featured_media":12779,"comment_status":"open","ping_status":"open","sticky":false,"template":"","format":"standard","meta":{"_jetpack_memberships_contains_paid_content":false,"footnotes":"","jetpack_publicize_message":"","jetpack_publicize_feature_enabled":true,"jetpack_social_post_already_shared":true,"jetpack_social_options":{"image_generator_settings":{"template":"highway","default_image_id":0,"font":"","enabled":false},"version":2}},"categories":[37],"tags":[],"class_list":["post-12778","post","type-post","status-publish","format-standard","has-post-thumbnail","hentry","category-resistencia"],"jetpack_publicize_connections":[],"jetpack_featured_media_url":"https:\/\/portalmovil.com.ar\/wp-content\/uploads\/2020\/09\/calleszzz-696x522-1.jpg","jetpack_sharing_enabled":true,"amp_enabled":true,"_links":{"self":[{"href":"https:\/\/portalmovil.com.ar\/index.php\/wp-json\/wp\/v2\/posts\/12778","targetHints":{"allow":["GET"]}}],"collection":[{"href":"https:\/\/portalmovil.com.ar\/index.php\/wp-json\/wp\/v2\/posts"}],"about":[{"href":"https:\/\/portalmovil.com.ar\/index.php\/wp-json\/wp\/v2\/types\/post"}],"author":[{"embeddable":true,"href":"https:\/\/portalmovil.com.ar\/index.php\/wp-json\/wp\/v2\/users\/2"}],"replies":[{"embeddable":true,"href":"https:\/\/portalmovil.com.ar\/index.php\/wp-json\/wp\/v2\/comments?post=12778"}],"version-history":[{"count":1,"href":"https:\/\/portalmovil.com.ar\/index.php\/wp-json\/wp\/v2\/posts\/12778\/revisions"}],"predecessor-version":[{"id":12780,"href":"https:\/\/portalmovil.com.ar\/index.php\/wp-json\/wp\/v2\/posts\/12778\/revisions\/12780"}],"wp:featuredmedia":[{"embeddable":true,"href":"https:\/\/portalmovil.com.ar\/index.php\/wp-json\/wp\/v2\/media\/12779"}],"wp:attachment":[{"href":"https:\/\/portalmovil.com.ar\/index.php\/wp-json\/wp\/v2\/media?parent=12778"}],"wp:term":[{"taxonomy":"category","embeddable":true,"href":"https:\/\/portalmovil.com.ar\/index.php\/wp-json\/wp\/v2\/categories?post=12778"},{"taxonomy":"post_tag","embeddable":true,"href":"https:\/\/portalmovil.com.ar\/index.php\/wp-json\/wp\/v2\/tags?post=12778"}],"curies":[{"name":"wp","href":"https:\/\/api.w.org\/{rel}","templated":true}]}}