{"id":12731,"date":"2020-09-17T00:12:31","date_gmt":"2020-09-17T03:12:31","guid":{"rendered":"https:\/\/portalmovil.com.ar\/?p=12731"},"modified":"2020-09-17T00:18:26","modified_gmt":"2020-09-17T03:18:26","slug":"enojo-del-grupo-de-defensores-de-la-policia-por-designacion-del-sargento-ayudante-gustavo-olivello","status":"publish","type":"post","link":"https:\/\/portalmovil.com.ar\/index.php\/2020\/09\/17\/enojo-del-grupo-de-defensores-de-la-policia-por-designacion-del-sargento-ayudante-gustavo-olivello\/","title":{"rendered":"Enojo del grupo de \u00abDefensores de la Polic\u00eda\u00bb por designaci\u00f3n del Sargento Ayudante Gustavo Olivello"},"content":{"rendered":"\n<p>El grupo defensor policial relacionado a al decreto N\u00b0 1133 de fecha 15 de septiembre del 2020 firmado por el se\u00f1or gobernador de la provincia del chaco donde el mismo crea la subsecretar\u00eda de Prevenci\u00f3n y Abordaje Territorial, dando dicho cargo p\u00fablico al Sargento Ayudante de Polic\u00eda (suboficial superior de la Polic\u00eda del Chaco) Hugo Gustavo Olivello, que el mismo re\u00fane las condiciones id\u00f3neas para dicho cargo, donde esta persona ya siendo empleado policial y en actividad y en pleno ejercicios de sus funciones como polic\u00eda.<\/p>\n\n\n\n<p>El mismo se dedicaba al periodismo en el portal conocido como \u201cALERTA URBANA\u201d y no cumpl\u00eda sus funciones como servidor p\u00fablico \u201cPOLIC\u00cdA\u201d, cobrando su salario por ser polic\u00eda, y este mismo manifest\u00f3 que dicho aumento dado por el gobierno en turno era el correcto y que el personal policial de deber\u00eda conformarse.<\/p>\n\n\n\n<p>Siendo que estos se encuentran por debajo del \u00edndice de pobreza seg\u00fan el \u201cINDEC\u201d, y que el que sal\u00eda a reclamar un salario digno lo trata como sedicioso proveniente de la palabra sedici\u00f3n que es levantarse en armas contra el estado, \u00bfa caso reclamar un sueldo digno se\u00f1or\u201d Olivello\u201d es una sedici\u00f3n? .<\/p>\n\n\n\n<p>En este contexto podemos decir que usted no se encuentra por debajo del \u00edndice de pobreza que se encuentran los dem\u00e1s polic\u00edas los cuales son sus camaradas.<\/p>\n\n\n\n<p>Se lo decimos esto ya que usted posee el sueldo que cobra como polic\u00eda, m\u00e1s el de periodista y ahora cargo pol\u00edtico en el gobierno provincial que no creemos que sea una suma remunerativa de $38.000 pesos, dejando en evidencia que usted se encuentra en una posici\u00f3n clave y \/o favorable con el gobierno en turno dejando en desamparo a sus dem\u00e1s camaradas.<\/p>\n\n\n\n<p>Llamamos a la pregunta social \u00bf esto es aceptable o no?, ya que un agente de Polic\u00eda gana con el ultimo aumento del 7,8 por ciento $38.000 de bolsillo, la cual llega con sumas en negro y despu\u00e9s dice el mismo estado que no hay dinero para los dem\u00e1s empleados policiales y penitenciarios, sociedad reaccionemos de una vez y en contra de las injusticias.<\/p>\n\n\n\n<div class=\"wp-block-image\"><figure class=\"aligncenter size-large\"><img loading=\"lazy\" decoding=\"async\" width=\"576\" height=\"1024\" src=\"https:\/\/portalmovil.com.ar\/wp-content\/uploads\/2020\/09\/c44eeaba-b09e-43ac-93e4-dfe7d2ba8a99-576x1024.jpg\" alt=\"\" class=\"wp-image-12734\" srcset=\"https:\/\/portalmovil.com.ar\/wp-content\/uploads\/2020\/09\/c44eeaba-b09e-43ac-93e4-dfe7d2ba8a99-576x1024.jpg 576w, https:\/\/portalmovil.com.ar\/wp-content\/uploads\/2020\/09\/c44eeaba-b09e-43ac-93e4-dfe7d2ba8a99-169x300.jpg 169w, https:\/\/portalmovil.com.ar\/wp-content\/uploads\/2020\/09\/c44eeaba-b09e-43ac-93e4-dfe7d2ba8a99.jpg 581w\" sizes=\"auto, (max-width: 576px) 100vw, 576px\" \/><figcaption>Decreto Firmado por el Gobernador Jorge Capitanich<\/figcaption><\/figure><\/div>\n","protected":false},"excerpt":{"rendered":"<p>El grupo defensor policial relacionado a al decreto N\u00b0 1133 de fecha 15 de septiembre del 2020 firmado por el se\u00f1or gobernador de la provincia del chaco donde el mismo crea la subsecretar\u00eda de Prevenci\u00f3n y Abordaje Territorial, dando dicho cargo p\u00fablico al Sargento Ayudante de Polic\u00eda (suboficial superior de la Polic\u00eda del Chaco) Hugo &hellip;<\/p>\n","protected":false},"author":2,"featured_media":12732,"comment_status":"open","ping_status":"open","sticky":false,"template":"","format":"standard","meta":{"_jetpack_memberships_contains_paid_content":false,"footnotes":"","jetpack_publicize_message":"","jetpack_publicize_feature_enabled":true,"jetpack_social_post_already_shared":true,"jetpack_social_options":{"image_generator_settings":{"template":"highway","default_image_id":0,"font":"","enabled":false},"version":2}},"categories":[5,8],"tags":[],"class_list":["post-12731","post","type-post","status-publish","format-standard","has-post-thumbnail","hentry","category-chaco","category-policiales"],"jetpack_publicize_connections":[],"jetpack_featured_media_url":"https:\/\/portalmovil.com.ar\/wp-content\/uploads\/2020\/09\/Gustavo-Olivello-12.jpg","jetpack_sharing_enabled":true,"amp_enabled":true,"_links":{"self":[{"href":"https:\/\/portalmovil.com.ar\/index.php\/wp-json\/wp\/v2\/posts\/12731","targetHints":{"allow":["GET"]}}],"collection":[{"href":"https:\/\/portalmovil.com.ar\/index.php\/wp-json\/wp\/v2\/posts"}],"about":[{"href":"https:\/\/portalmovil.com.ar\/index.php\/wp-json\/wp\/v2\/types\/post"}],"author":[{"embeddable":true,"href":"https:\/\/portalmovil.com.ar\/index.php\/wp-json\/wp\/v2\/users\/2"}],"replies":[{"embeddable":true,"href":"https:\/\/portalmovil.com.ar\/index.php\/wp-json\/wp\/v2\/comments?post=12731"}],"version-history":[{"count":2,"href":"https:\/\/portalmovil.com.ar\/index.php\/wp-json\/wp\/v2\/posts\/12731\/revisions"}],"predecessor-version":[{"id":12735,"href":"https:\/\/portalmovil.com.ar\/index.php\/wp-json\/wp\/v2\/posts\/12731\/revisions\/12735"}],"wp:featuredmedia":[{"embeddable":true,"href":"https:\/\/portalmovil.com.ar\/index.php\/wp-json\/wp\/v2\/media\/12732"}],"wp:attachment":[{"href":"https:\/\/portalmovil.com.ar\/index.php\/wp-json\/wp\/v2\/media?parent=12731"}],"wp:term":[{"taxonomy":"category","embeddable":true,"href":"https:\/\/portalmovil.com.ar\/index.php\/wp-json\/wp\/v2\/categories?post=12731"},{"taxonomy":"post_tag","embeddable":true,"href":"https:\/\/portalmovil.com.ar\/index.php\/wp-json\/wp\/v2\/tags?post=12731"}],"curies":[{"name":"wp","href":"https:\/\/api.w.org\/{rel}","templated":true}]}}