{"id":12441,"date":"2020-09-10T17:30:12","date_gmt":"2020-09-10T20:30:12","guid":{"rendered":"https:\/\/portalmovil.com.ar\/?p=12441"},"modified":"2020-09-10T17:48:57","modified_gmt":"2020-09-10T20:48:57","slug":"fernandez-dijo-que-la-toma-de-tierras-responde-a-una-necesidad","status":"publish","type":"post","link":"https:\/\/portalmovil.com.ar\/index.php\/2020\/09\/10\/fernandez-dijo-que-la-toma-de-tierras-responde-a-una-necesidad\/","title":{"rendered":"Fern\u00e1ndez dijo que la toma de tierras responde a una necesidad"},"content":{"rendered":"\n<p>El presidente Alberto Fern\u00e1ndez dijo que se ocupar\u00e1 personalmente del tema de la toma de tierras, ya que \u00abno debe ocurrir\u00bb y consider\u00f3 que \u00abm\u00e1s que intenci\u00f3n de cometer un delito\u00bb, nota \u00abla necesidad de sobrevivir de la gente\u00bb.<\/p>\n\n\n\n<p>\u201cVoy a ocuparme personalmente  de ver c\u00f3mo est\u00e1 este tema porque no tiene que ocurrir y es un tema a resolver\u201d, dijo el mandatario esta ma\u00f1ana en declaraciones a <em><strong>Radio Con Vos.<\/strong><\/em><\/p>\n\n\n\n<p>Fern\u00e1ndez agreg\u00f3 que \u201chay una tendencia en la Argentina a querer resolver todo con el C\u00f3digo Penal\u201d y que el reclamo policial \u201ces un conflicto que no tiene que ver con la vocaci\u00f3n criminal de nadie sino con la necesidad social de la gente\u201d.<\/p>\n\n\n\n<p>\u201cTenemos que ver c\u00f3mo sacamos r\u00e1pidamente a esas personas de esas tierras y las reubicamos en alg\u00fan lado para resolver la situaci\u00f3n sin que complique la vida a los dem\u00e1s\u201d, a\u00f1adi\u00f3.<\/p>\n\n\n\n<p>Por otra parte, el Presidente destac\u00f3 que \u201caunque se tipifique la figura de la usurpaci\u00f3n, hace falta tambi\u00e9n la voluntad de querer cometer un delito y yo no veo esa voluntad, sino m\u00e1s bien la necesidad de sobrevivir de mucha gente\u201d.<\/p>\n\n\n\n<p>El jefe de Estado concluy\u00f3 que la toma de tierras es \u201calgo muy preocupante y no debe ocurrir\u201d, pero la pandemia \u201cha dejado a mucha gente en condiciones de desamparo y hay que resolverlo; la situaci\u00f3n no es penal, francamente\u201d.<\/p>\n","protected":false},"excerpt":{"rendered":"<p>El presidente Alberto Fern\u00e1ndez dijo que se ocupar\u00e1 personalmente del tema de la toma de tierras, ya que \u00abno debe ocurrir\u00bb y consider\u00f3 que \u00abm\u00e1s que intenci\u00f3n de cometer un delito\u00bb, nota \u00abla necesidad de sobrevivir de la gente\u00bb. \u201cVoy a ocuparme personalmente de ver c\u00f3mo est\u00e1 este tema porque no tiene que ocurrir y &hellip;<\/p>\n","protected":false},"author":2,"featured_media":12445,"comment_status":"open","ping_status":"open","sticky":false,"template":"","format":"standard","meta":{"_jetpack_memberships_contains_paid_content":false,"footnotes":"","jetpack_publicize_message":"","jetpack_publicize_feature_enabled":true,"jetpack_social_post_already_shared":true,"jetpack_social_options":{"image_generator_settings":{"template":"highway","default_image_id":0,"font":"","enabled":false},"version":2}},"categories":[34],"tags":[],"class_list":["post-12441","post","type-post","status-publish","format-standard","has-post-thumbnail","hentry","category-nacional"],"jetpack_publicize_connections":[],"jetpack_featured_media_url":"https:\/\/portalmovil.com.ar\/wp-content\/uploads\/2020\/09\/Alberto-56.jpg","jetpack_sharing_enabled":true,"amp_enabled":true,"_links":{"self":[{"href":"https:\/\/portalmovil.com.ar\/index.php\/wp-json\/wp\/v2\/posts\/12441","targetHints":{"allow":["GET"]}}],"collection":[{"href":"https:\/\/portalmovil.com.ar\/index.php\/wp-json\/wp\/v2\/posts"}],"about":[{"href":"https:\/\/portalmovil.com.ar\/index.php\/wp-json\/wp\/v2\/types\/post"}],"author":[{"embeddable":true,"href":"https:\/\/portalmovil.com.ar\/index.php\/wp-json\/wp\/v2\/users\/2"}],"replies":[{"embeddable":true,"href":"https:\/\/portalmovil.com.ar\/index.php\/wp-json\/wp\/v2\/comments?post=12441"}],"version-history":[{"count":1,"href":"https:\/\/portalmovil.com.ar\/index.php\/wp-json\/wp\/v2\/posts\/12441\/revisions"}],"predecessor-version":[{"id":12443,"href":"https:\/\/portalmovil.com.ar\/index.php\/wp-json\/wp\/v2\/posts\/12441\/revisions\/12443"}],"wp:featuredmedia":[{"embeddable":true,"href":"https:\/\/portalmovil.com.ar\/index.php\/wp-json\/wp\/v2\/media\/12445"}],"wp:attachment":[{"href":"https:\/\/portalmovil.com.ar\/index.php\/wp-json\/wp\/v2\/media?parent=12441"}],"wp:term":[{"taxonomy":"category","embeddable":true,"href":"https:\/\/portalmovil.com.ar\/index.php\/wp-json\/wp\/v2\/categories?post=12441"},{"taxonomy":"post_tag","embeddable":true,"href":"https:\/\/portalmovil.com.ar\/index.php\/wp-json\/wp\/v2\/tags?post=12441"}],"curies":[{"name":"wp","href":"https:\/\/api.w.org\/{rel}","templated":true}]}}