{"id":123781,"date":"2026-09-05T17:03:55","date_gmt":"2026-09-05T20:03:55","guid":{"rendered":"https:\/\/portalmovil.com.ar\/?p=123781"},"modified":"2026-09-05T17:03:56","modified_gmt":"2026-09-05T20:03:56","slug":"zdero-destaco-las-obras-y-el-crecimiento-de-laguna-limpia-en-su-82-aniversario","status":"publish","type":"post","link":"https:\/\/portalmovil.com.ar\/index.php\/2026\/09\/05\/zdero-destaco-las-obras-y-el-crecimiento-de-laguna-limpia-en-su-82-aniversario\/","title":{"rendered":"Zdero destac\u00f3 las obras y el crecimiento de Laguna Limpia en su 82\u00b0 aniversario"},"content":{"rendered":"\n<p class=\"wp-block-paragraph\">El gobernador Leandro Zdero acompa\u00f1\u00f3 a la comunidad de Laguna Limpia en la celebraci\u00f3n de sus 82 a\u00f1os y destac\u00f3 las obras ejecutadas y los proyectos en marcha para mejorar la infraestructura, la conectividad y las oportunidades de desarrollo de la localidad.<\/p>\n\n\n\n<p class=\"wp-block-paragraph\">Durante el acto, Zdero puso en valor los avances en pavimento urbano, viviendas, infraestructura social, electrificaci\u00f3n rural y asistencia a productores. Tambi\u00e9n destac\u00f3 la ejecuci\u00f3n de la Ruta Provincial 30, una obra clave para mejorar la conectividad de Laguna Limpia y facilitar el traslado de vecinos y productores.<\/p>\n\n\n\n<p class=\"wp-block-paragraph\">\u201cFeliz aniversario al pueblo de Laguna Limpia. Este rinconcito del Chaco sigue creciendo y puede tener las mismas oportunidades que cualquier ciudadano de los centros m\u00e1s grandes y poblados\u201d, expres\u00f3 el gobernador.<\/p>\n\n\n\n<p class=\"wp-block-paragraph\">En ese marco, remarc\u00f3 especialmente el avance de la electrificaci\u00f3n rural, que permitir\u00e1 que familias que durante a\u00f1os no tuvieron acceso al servicio puedan contar finalmente con energ\u00eda el\u00e9ctrica.<\/p>\n\n\n\n<p class=\"wp-block-paragraph\">Adem\u00e1s, Zdero resalt\u00f3 las pol\u00edticas provinciales en educaci\u00f3n y salud y llam\u00f3 a los chaque\u00f1os a recuperar la confianza en la capacidad productiva de la provincia. \u201cNada viene de arriba, viene del esfuerzo\u201d, sostuvo.<\/p>\n\n\n\n<p class=\"wp-block-paragraph\">El gobernador tambi\u00e9n convoc\u00f3 a los j\u00f3venes a \u201cso\u00f1ar en grande\u201d y a ser protagonistas de la transformaci\u00f3n de sus comunidades. \u201cQuiero que el Chaco salga adelante, que los chaque\u00f1os salgamos adelante y que Laguna Limpia siga creciendo\u201d, concluy\u00f3.<\/p>\n","protected":false},"excerpt":{"rendered":"<p>El gobernador Leandro Zdero acompa\u00f1\u00f3 a la comunidad de Laguna Limpia en la celebraci\u00f3n de sus 82 a\u00f1os y destac\u00f3 las obras ejecutadas y los proyectos en marcha para mejorar la infraestructura, la conectividad y las oportunidades de desarrollo de la localidad. Durante el acto, Zdero puso en valor los avances en pavimento urbano, viviendas, &hellip;<\/p>\n","protected":false},"author":2,"featured_media":123782,"comment_status":"open","ping_status":"open","sticky":false,"template":"","format":"standard","meta":{"_jetpack_newsletter_access":"","_jetpack_dont_email_post_to_subs":false,"_jetpack_newsletter_tier_id":0,"_jetpack_memberships_contains_paywalled_content":false,"_jetpack_feature_clip_id":0,"_jetpack_memberships_contains_paid_content":false,"footnotes":"","jetpack_publicize_message":"","jetpack_publicize_feature_enabled":true,"jetpack_social_post_already_shared":true,"jetpack_social_options":{"image_generator_settings":{"template":"highway","default_image_id":0,"font":"","enabled":false},"version":2},"jetpack_post_was_ever_published":false},"categories":[5,14],"tags":[],"class_list":["post-123781","post","type-post","status-publish","format-standard","has-post-thumbnail","hentry","category-chaco","category-politica"],"jetpack_publicize_connections":[],"jetpack_sharing_enabled":true,"amp_enabled":true,"jetpack_featured_media_url":"https:\/\/portalmovil.com.ar\/wp-content\/uploads\/2026\/09\/9ee28827-7b7a-4f2b-a067-59fab60bb471.jpeg","_links":{"self":[{"href":"https:\/\/portalmovil.com.ar\/index.php\/wp-json\/wp\/v2\/posts\/123781","targetHints":{"allow":["GET"]}}],"collection":[{"href":"https:\/\/portalmovil.com.ar\/index.php\/wp-json\/wp\/v2\/posts"}],"about":[{"href":"https:\/\/portalmovil.com.ar\/index.php\/wp-json\/wp\/v2\/types\/post"}],"author":[{"embeddable":true,"href":"https:\/\/portalmovil.com.ar\/index.php\/wp-json\/wp\/v2\/users\/2"}],"replies":[{"embeddable":true,"href":"https:\/\/portalmovil.com.ar\/index.php\/wp-json\/wp\/v2\/comments?post=123781"}],"version-history":[{"count":1,"href":"https:\/\/portalmovil.com.ar\/index.php\/wp-json\/wp\/v2\/posts\/123781\/revisions"}],"predecessor-version":[{"id":123783,"href":"https:\/\/portalmovil.com.ar\/index.php\/wp-json\/wp\/v2\/posts\/123781\/revisions\/123783"}],"wp:featuredmedia":[{"embeddable":true,"href":"https:\/\/portalmovil.com.ar\/index.php\/wp-json\/wp\/v2\/media\/123782"}],"wp:attachment":[{"href":"https:\/\/portalmovil.com.ar\/index.php\/wp-json\/wp\/v2\/media?parent=123781"}],"wp:term":[{"taxonomy":"category","embeddable":true,"href":"https:\/\/portalmovil.com.ar\/index.php\/wp-json\/wp\/v2\/categories?post=123781"},{"taxonomy":"post_tag","embeddable":true,"href":"https:\/\/portalmovil.com.ar\/index.php\/wp-json\/wp\/v2\/tags?post=123781"}],"curies":[{"name":"wp","href":"https:\/\/api.w.org\/{rel}","templated":true}]}}