{"id":123775,"date":"2026-09-05T11:47:25","date_gmt":"2026-09-05T14:47:25","guid":{"rendered":"https:\/\/portalmovil.com.ar\/?p=123775"},"modified":"2026-09-05T11:47:26","modified_gmt":"2026-09-05T14:47:26","slug":"dolor-en-la-musica-murio-una-historica-figura-de-los-palmeras","status":"publish","type":"post","link":"https:\/\/portalmovil.com.ar\/index.php\/2026\/09\/05\/dolor-en-la-musica-murio-una-historica-figura-de-los-palmeras\/","title":{"rendered":"Dolor en la m\u00fasica: muri\u00f3 una hist\u00f3rica figura de Los Palmeras"},"content":{"rendered":"\n<h3 class=\"wp-block-heading\"><strong>La m\u00fasica tropical argentina enfrenta una triste noticia tras confirmarse el fallecimiento de Ricardo \u00abOveja\u00bb Stec, un renombrado m\u00fasico que dej\u00f3 una marca imborrable en la trayectoria de Los Palmeras, uno de los conjuntos m\u00e1s emblem\u00e1ticos de la cumbia santafesina.<\/strong>&nbsp;<\/h3>\n\n\n\n<p class=\"wp-block-paragraph\">La noticia del deceso del percusionista fue dada a conocer por la propia agrupaci\u00f3n a trav\u00e9s de un comunicado difundido en sus canales oficiales.<\/p>\n\n\n\n<p class=\"wp-block-paragraph\">En la publicaci\u00f3n,&nbsp;<strong>los m\u00fasicos rindieron homenaje a su extimbalero, rememorando las etapas compartidas en el escenario y subrayando su valioso aporte durante los a\u00f1os dorados del grupo.<\/strong><\/p>\n\n\n\n<p class=\"wp-block-paragraph\"><strong>\u00abHoy nos toca despedir a otro de nuestros hist\u00f3ricos miembros. Gracias por tantos momentos compartidos y toda tu m\u00fasica\u00bb, comenzaron escribiendo desde la cuenta de Instagram de la banda. Y a\u00f1adieron: \u00abQue en paz descanses querido amigo Ricardo \u00abOveja\u00bb Stec. Te saludan hoy y siempre tus amigos Los Palmeras\u00bb.<\/strong><\/p>\n\n\n\n<p class=\"wp-block-paragraph\"><strong>A\u00fan se desconocen los motivos de su deceso, ocurrido el mi\u00e9rcoles 2 de septiembre pasado.<\/strong><\/p>\n\n\n\n<p class=\"wp-block-paragraph\">Como encargado de las tumbadoras,&nbsp;<strong>Stec fue una pieza clave en la percusi\u00f3n de Los Palmeras entre 1988 y 1992, una \u00e9poca de fuerte expansi\u00f3n y gran ritmo de grabaci\u00f3n para el legendario combo santafesino.<\/strong><\/p>\n\n\n\n<p class=\"wp-block-paragraph\">Su etapa en la banda dej\u00f3 una marca indeleble registrada en discos fundamentales como Loquito por ti (1988), Sus amigos (1989), Rumor de cumbia (1990), Chiquita pero buena (1990) y Boquita azucarada (1991). Este fruct\u00edfero per\u00edodo culmin\u00f3 en 1992, coincidiendo con los festejos por las dos d\u00e9cadas de carrera del grupo y el lanzamiento de producciones que terminaron por consolidar ese ciclo hist\u00f3rico.<\/p>\n","protected":false},"excerpt":{"rendered":"<p>La m\u00fasica tropical argentina enfrenta una triste noticia tras confirmarse el fallecimiento de Ricardo \u00abOveja\u00bb Stec, un renombrado m\u00fasico que dej\u00f3 una marca imborrable en la trayectoria de Los Palmeras, uno de los conjuntos m\u00e1s emblem\u00e1ticos de la cumbia santafesina.&nbsp; La noticia del deceso del percusionista fue dada a conocer por la propia agrupaci\u00f3n a &hellip;<\/p>\n","protected":false},"author":2,"featured_media":123776,"comment_status":"open","ping_status":"open","sticky":false,"template":"","format":"standard","meta":{"_jetpack_newsletter_access":"","_jetpack_dont_email_post_to_subs":false,"_jetpack_newsletter_tier_id":0,"_jetpack_memberships_contains_paywalled_content":false,"_jetpack_feature_clip_id":0,"_jetpack_memberships_contains_paid_content":false,"footnotes":"","jetpack_publicize_message":"","jetpack_publicize_feature_enabled":true,"jetpack_social_post_already_shared":true,"jetpack_social_options":{"image_generator_settings":{"template":"highway","default_image_id":0,"font":"","enabled":false},"version":2},"jetpack_post_was_ever_published":false},"categories":[4],"tags":[],"class_list":["post-123775","post","type-post","status-publish","format-standard","has-post-thumbnail","hentry","category-cultura"],"jetpack_publicize_connections":[],"jetpack_sharing_enabled":true,"amp_enabled":true,"jetpack_featured_media_url":"https:\/\/portalmovil.com.ar\/wp-content\/uploads\/2026\/09\/IMG_1956.webp","_links":{"self":[{"href":"https:\/\/portalmovil.com.ar\/index.php\/wp-json\/wp\/v2\/posts\/123775","targetHints":{"allow":["GET"]}}],"collection":[{"href":"https:\/\/portalmovil.com.ar\/index.php\/wp-json\/wp\/v2\/posts"}],"about":[{"href":"https:\/\/portalmovil.com.ar\/index.php\/wp-json\/wp\/v2\/types\/post"}],"author":[{"embeddable":true,"href":"https:\/\/portalmovil.com.ar\/index.php\/wp-json\/wp\/v2\/users\/2"}],"replies":[{"embeddable":true,"href":"https:\/\/portalmovil.com.ar\/index.php\/wp-json\/wp\/v2\/comments?post=123775"}],"version-history":[{"count":1,"href":"https:\/\/portalmovil.com.ar\/index.php\/wp-json\/wp\/v2\/posts\/123775\/revisions"}],"predecessor-version":[{"id":123777,"href":"https:\/\/portalmovil.com.ar\/index.php\/wp-json\/wp\/v2\/posts\/123775\/revisions\/123777"}],"wp:featuredmedia":[{"embeddable":true,"href":"https:\/\/portalmovil.com.ar\/index.php\/wp-json\/wp\/v2\/media\/123776"}],"wp:attachment":[{"href":"https:\/\/portalmovil.com.ar\/index.php\/wp-json\/wp\/v2\/media?parent=123775"}],"wp:term":[{"taxonomy":"category","embeddable":true,"href":"https:\/\/portalmovil.com.ar\/index.php\/wp-json\/wp\/v2\/categories?post=123775"},{"taxonomy":"post_tag","embeddable":true,"href":"https:\/\/portalmovil.com.ar\/index.php\/wp-json\/wp\/v2\/tags?post=123775"}],"curies":[{"name":"wp","href":"https:\/\/api.w.org\/{rel}","templated":true}]}}