{"id":123772,"date":"2026-09-05T11:43:22","date_gmt":"2026-09-05T14:43:22","guid":{"rendered":"https:\/\/portalmovil.com.ar\/?p=123772"},"modified":"2026-09-05T11:43:24","modified_gmt":"2026-09-05T14:43:24","slug":"detuvieron-a-un-exgobernador-tras-quedar-firme-su-condena-a-ocho-anos-por-corrupcion","status":"publish","type":"post","link":"https:\/\/portalmovil.com.ar\/index.php\/2026\/09\/05\/detuvieron-a-un-exgobernador-tras-quedar-firme-su-condena-a-ocho-anos-por-corrupcion\/","title":{"rendered":"Detuvieron a un exgobernador tras quedar firme su condena a ocho a\u00f1os por corrupci\u00f3n"},"content":{"rendered":"\n<p class=\"wp-block-paragraph\">El exgobernador de Entre R\u00edos Sergio Urribarri fue detenido este viernes luego de que la Corte Suprema de Justicia rechazara los \u00faltimos recursos presentados por su defensa y dejara firme la condena a ocho a\u00f1os de prisi\u00f3n por hechos de corrupci\u00f3n durante su gesti\u00f3n provincial.<\/p>\n\n\n\n<p class=\"wp-block-paragraph\">Junto al exmandatario tambi\u00e9n fueron arrestados su cu\u00f1ado, Juan Pablo Aguilera, y el exministro Pedro B\u00e1ez, ambos condenados a seis a\u00f1os de prisi\u00f3n en el mismo expediente. Urribarri y Aguilera fueron trasladados a Paran\u00e1 y quedaron a disposici\u00f3n de la Justicia para comenzar a cumplir sus respectivas penas.<\/p>\n\n\n\n<p class=\"wp-block-paragraph\">La decisi\u00f3n del m\u00e1ximo tribunal fue firmada por Horacio Rosatti, Carlos Rosenkrantz y Ricardo Lorenzetti. Los jueces consideraron inadmisibles los recursos extraordinarios que hab\u00edan sido parcialmente concedidos por el Superior Tribunal de Justicia de Entre R\u00edos en octubre de 2024.<\/p>\n","protected":false},"excerpt":{"rendered":"<p>El exgobernador de Entre R\u00edos Sergio Urribarri fue detenido este viernes luego de que la Corte Suprema de Justicia rechazara los \u00faltimos recursos presentados por su defensa y dejara firme la condena a ocho a\u00f1os de prisi\u00f3n por hechos de corrupci\u00f3n durante su gesti\u00f3n provincial. Junto al exmandatario tambi\u00e9n fueron arrestados su cu\u00f1ado, Juan Pablo &hellip;<\/p>\n","protected":false},"author":2,"featured_media":123773,"comment_status":"open","ping_status":"open","sticky":false,"template":"","format":"standard","meta":{"_jetpack_newsletter_access":"","_jetpack_dont_email_post_to_subs":false,"_jetpack_newsletter_tier_id":0,"_jetpack_memberships_contains_paywalled_content":false,"_jetpack_feature_clip_id":0,"_jetpack_memberships_contains_paid_content":false,"footnotes":"","jetpack_publicize_message":"","jetpack_publicize_feature_enabled":true,"jetpack_social_post_already_shared":true,"jetpack_social_options":{"image_generator_settings":{"template":"highway","default_image_id":0,"font":"","enabled":false},"version":2},"jetpack_post_was_ever_published":false},"categories":[639,50],"tags":[],"class_list":["post-123772","post","type-post","status-publish","format-standard","has-post-thumbnail","hentry","category-argentina","category-judiciales"],"jetpack_publicize_connections":[],"jetpack_sharing_enabled":true,"amp_enabled":true,"jetpack_featured_media_url":"https:\/\/portalmovil.com.ar\/wp-content\/uploads\/2026\/09\/IMG_1955.webp","_links":{"self":[{"href":"https:\/\/portalmovil.com.ar\/index.php\/wp-json\/wp\/v2\/posts\/123772","targetHints":{"allow":["GET"]}}],"collection":[{"href":"https:\/\/portalmovil.com.ar\/index.php\/wp-json\/wp\/v2\/posts"}],"about":[{"href":"https:\/\/portalmovil.com.ar\/index.php\/wp-json\/wp\/v2\/types\/post"}],"author":[{"embeddable":true,"href":"https:\/\/portalmovil.com.ar\/index.php\/wp-json\/wp\/v2\/users\/2"}],"replies":[{"embeddable":true,"href":"https:\/\/portalmovil.com.ar\/index.php\/wp-json\/wp\/v2\/comments?post=123772"}],"version-history":[{"count":1,"href":"https:\/\/portalmovil.com.ar\/index.php\/wp-json\/wp\/v2\/posts\/123772\/revisions"}],"predecessor-version":[{"id":123774,"href":"https:\/\/portalmovil.com.ar\/index.php\/wp-json\/wp\/v2\/posts\/123772\/revisions\/123774"}],"wp:featuredmedia":[{"embeddable":true,"href":"https:\/\/portalmovil.com.ar\/index.php\/wp-json\/wp\/v2\/media\/123773"}],"wp:attachment":[{"href":"https:\/\/portalmovil.com.ar\/index.php\/wp-json\/wp\/v2\/media?parent=123772"}],"wp:term":[{"taxonomy":"category","embeddable":true,"href":"https:\/\/portalmovil.com.ar\/index.php\/wp-json\/wp\/v2\/categories?post=123772"},{"taxonomy":"post_tag","embeddable":true,"href":"https:\/\/portalmovil.com.ar\/index.php\/wp-json\/wp\/v2\/tags?post=123772"}],"curies":[{"name":"wp","href":"https:\/\/api.w.org\/{rel}","templated":true}]}}