{"id":123765,"date":"2026-09-04T20:41:33","date_gmt":"2026-09-04T23:41:33","guid":{"rendered":"https:\/\/portalmovil.com.ar\/?p=123765"},"modified":"2026-09-04T20:42:10","modified_gmt":"2026-09-04T23:42:10","slug":"milei-giro-218-000-millones-para-defensa-y-refuerzo-del-21-para-la-side","status":"publish","type":"post","link":"https:\/\/portalmovil.com.ar\/index.php\/2026\/09\/04\/milei-giro-218-000-millones-para-defensa-y-refuerzo-del-21-para-la-side\/","title":{"rendered":"Milei giro $218.000 millones para Defensa y refuerzo del 21% para la SIDE"},"content":{"rendered":"\n<p class=\"wp-block-paragraph\">El Gobierno nacional dispuso una ampliaci\u00f3n de <strong>$218.000 millones para el \u00e1rea de Defensa<\/strong> y un incremento del <strong>21% en los fondos destinados a la SIDE<\/strong>.<\/p>\n\n\n\n<p class=\"wp-block-paragraph\">La decisi\u00f3n apunta a fortalecer las capacidades estrat\u00e9gicas, de inteligencia y seguridad del Estado. El aumento de recursos se produce adem\u00e1s en un contexto de cambios en la pol\u00edtica oficial respecto de la <strong>cuesti\u00f3n Malvinas<\/strong> y de una mayor atenci\u00f3n a la defensa de los intereses nacionales.<\/p>\n\n\n\n<p class=\"wp-block-paragraph\">Las medidas forman parte de una reorientaci\u00f3n de recursos impulsada por la gesti\u00f3n de Javier Milei.<\/p>\n\n\n\n<p class=\"wp-block-paragraph\"><\/p>\n\n\n\n<p class=\"wp-block-paragraph\"><\/p>\n\n\n\n<p class=\"wp-block-paragraph\"><\/p>\n\n\n\n<p class=\"wp-block-paragraph\"><\/p>\n","protected":false},"excerpt":{"rendered":"<p>El Gobierno nacional dispuso una ampliaci\u00f3n de $218.000 millones para el \u00e1rea de Defensa y un incremento del 21% en los fondos destinados a la SIDE. La decisi\u00f3n apunta a fortalecer las capacidades estrat\u00e9gicas, de inteligencia y seguridad del Estado. El aumento de recursos se produce adem\u00e1s en un contexto de cambios en la pol\u00edtica &hellip;<\/p>\n","protected":false},"author":2,"featured_media":123766,"comment_status":"open","ping_status":"open","sticky":false,"template":"","format":"standard","meta":{"_jetpack_newsletter_access":"","_jetpack_dont_email_post_to_subs":false,"_jetpack_newsletter_tier_id":0,"_jetpack_memberships_contains_paywalled_content":false,"_jetpack_feature_clip_id":0,"_jetpack_memberships_contains_paid_content":false,"footnotes":"","jetpack_publicize_message":"","jetpack_publicize_feature_enabled":true,"jetpack_social_post_already_shared":true,"jetpack_social_options":{"image_generator_settings":{"template":"highway","default_image_id":0,"font":"","enabled":false},"version":2},"jetpack_post_was_ever_published":false},"categories":[639,14],"tags":[],"class_list":["post-123765","post","type-post","status-publish","format-standard","has-post-thumbnail","hentry","category-argentina","category-politica"],"jetpack_publicize_connections":[],"jetpack_sharing_enabled":true,"amp_enabled":true,"jetpack_featured_media_url":"https:\/\/portalmovil.com.ar\/wp-content\/uploads\/2026\/09\/IMG_1951.jpeg","_links":{"self":[{"href":"https:\/\/portalmovil.com.ar\/index.php\/wp-json\/wp\/v2\/posts\/123765","targetHints":{"allow":["GET"]}}],"collection":[{"href":"https:\/\/portalmovil.com.ar\/index.php\/wp-json\/wp\/v2\/posts"}],"about":[{"href":"https:\/\/portalmovil.com.ar\/index.php\/wp-json\/wp\/v2\/types\/post"}],"author":[{"embeddable":true,"href":"https:\/\/portalmovil.com.ar\/index.php\/wp-json\/wp\/v2\/users\/2"}],"replies":[{"embeddable":true,"href":"https:\/\/portalmovil.com.ar\/index.php\/wp-json\/wp\/v2\/comments?post=123765"}],"version-history":[{"count":2,"href":"https:\/\/portalmovil.com.ar\/index.php\/wp-json\/wp\/v2\/posts\/123765\/revisions"}],"predecessor-version":[{"id":123768,"href":"https:\/\/portalmovil.com.ar\/index.php\/wp-json\/wp\/v2\/posts\/123765\/revisions\/123768"}],"wp:featuredmedia":[{"embeddable":true,"href":"https:\/\/portalmovil.com.ar\/index.php\/wp-json\/wp\/v2\/media\/123766"}],"wp:attachment":[{"href":"https:\/\/portalmovil.com.ar\/index.php\/wp-json\/wp\/v2\/media?parent=123765"}],"wp:term":[{"taxonomy":"category","embeddable":true,"href":"https:\/\/portalmovil.com.ar\/index.php\/wp-json\/wp\/v2\/categories?post=123765"},{"taxonomy":"post_tag","embeddable":true,"href":"https:\/\/portalmovil.com.ar\/index.php\/wp-json\/wp\/v2\/tags?post=123765"}],"curies":[{"name":"wp","href":"https:\/\/api.w.org\/{rel}","templated":true}]}}