{"id":123762,"date":"2026-09-04T18:21:14","date_gmt":"2026-09-04T21:21:14","guid":{"rendered":"https:\/\/portalmovil.com.ar\/?p=123762"},"modified":"2026-09-04T18:21:17","modified_gmt":"2026-09-04T21:21:17","slug":"gestionan-mejoras-en-el-servicio-de-agua-potable-en-capitan-solari","status":"publish","type":"post","link":"https:\/\/portalmovil.com.ar\/index.php\/2026\/09\/04\/gestionan-mejoras-en-el-servicio-de-agua-potable-en-capitan-solari\/","title":{"rendered":"Gestionan mejoras en el servicio de agua potable en Capit\u00e1n Solari"},"content":{"rendered":"\n<p class=\"wp-block-paragraph\">El concejal de Capit\u00e1n Solari, Luis Colzera, junto al responsable de SAMEEP en la localidad, Hugo Silveira, se reuni\u00f3 con el presidente del organismo, Nicol\u00e1s Diez, para analizar las principales necesidades vinculadas al servicio de agua potable.<\/p>\n\n\n\n<p class=\"wp-block-paragraph\">Durante el encuentro se plante\u00f3 la necesidad de avanzar con nuevos tendidos y conexiones de la red en distintos sectores de la localidad, adem\u00e1s de coordinar acciones para mejorar la prestaci\u00f3n del servicio.<\/p>\n\n\n\n<p class=\"wp-block-paragraph\">Desde el espacio de Samuel Vargas destacaron la predisposici\u00f3n de las autoridades de SAMEEP para evaluar recursos y planificar las obras necesarias, con el objetivo de dar respuestas progresivas a las demandas de los vecinos.<\/p>\n\n\n\n<p class=\"wp-block-paragraph\">Las partes acordaron continuar articulando gestiones para avanzar en las mejoras de infraestructura y garantizar un mejor servicio de agua potable en Capit\u00e1n Solari.<\/p>\n","protected":false},"excerpt":{"rendered":"<p>El concejal de Capit\u00e1n Solari, Luis Colzera, junto al responsable de SAMEEP en la localidad, Hugo Silveira, se reuni\u00f3 con el presidente del organismo, Nicol\u00e1s Diez, para analizar las principales necesidades vinculadas al servicio de agua potable. Durante el encuentro se plante\u00f3 la necesidad de avanzar con nuevos tendidos y conexiones de la red en &hellip;<\/p>\n","protected":false},"author":2,"featured_media":123763,"comment_status":"open","ping_status":"open","sticky":false,"template":"","format":"standard","meta":{"_jetpack_newsletter_access":"","_jetpack_dont_email_post_to_subs":false,"_jetpack_newsletter_tier_id":0,"_jetpack_memberships_contains_paywalled_content":false,"_jetpack_feature_clip_id":0,"_jetpack_memberships_contains_paid_content":false,"footnotes":"","jetpack_publicize_message":"","jetpack_publicize_feature_enabled":true,"jetpack_social_post_already_shared":true,"jetpack_social_options":{"image_generator_settings":{"template":"highway","default_image_id":0,"font":"","enabled":false},"version":2},"jetpack_post_was_ever_published":false},"categories":[5,14],"tags":[],"class_list":["post-123762","post","type-post","status-publish","format-standard","has-post-thumbnail","hentry","category-chaco","category-politica"],"jetpack_publicize_connections":[],"jetpack_sharing_enabled":true,"amp_enabled":true,"jetpack_featured_media_url":"https:\/\/portalmovil.com.ar\/wp-content\/uploads\/2026\/09\/IMG_1946.jpeg","_links":{"self":[{"href":"https:\/\/portalmovil.com.ar\/index.php\/wp-json\/wp\/v2\/posts\/123762","targetHints":{"allow":["GET"]}}],"collection":[{"href":"https:\/\/portalmovil.com.ar\/index.php\/wp-json\/wp\/v2\/posts"}],"about":[{"href":"https:\/\/portalmovil.com.ar\/index.php\/wp-json\/wp\/v2\/types\/post"}],"author":[{"embeddable":true,"href":"https:\/\/portalmovil.com.ar\/index.php\/wp-json\/wp\/v2\/users\/2"}],"replies":[{"embeddable":true,"href":"https:\/\/portalmovil.com.ar\/index.php\/wp-json\/wp\/v2\/comments?post=123762"}],"version-history":[{"count":1,"href":"https:\/\/portalmovil.com.ar\/index.php\/wp-json\/wp\/v2\/posts\/123762\/revisions"}],"predecessor-version":[{"id":123764,"href":"https:\/\/portalmovil.com.ar\/index.php\/wp-json\/wp\/v2\/posts\/123762\/revisions\/123764"}],"wp:featuredmedia":[{"embeddable":true,"href":"https:\/\/portalmovil.com.ar\/index.php\/wp-json\/wp\/v2\/media\/123763"}],"wp:attachment":[{"href":"https:\/\/portalmovil.com.ar\/index.php\/wp-json\/wp\/v2\/media?parent=123762"}],"wp:term":[{"taxonomy":"category","embeddable":true,"href":"https:\/\/portalmovil.com.ar\/index.php\/wp-json\/wp\/v2\/categories?post=123762"},{"taxonomy":"post_tag","embeddable":true,"href":"https:\/\/portalmovil.com.ar\/index.php\/wp-json\/wp\/v2\/tags?post=123762"}],"curies":[{"name":"wp","href":"https:\/\/api.w.org\/{rel}","templated":true}]}}