{"id":123752,"date":"2026-09-04T14:21:23","date_gmt":"2026-09-04T17:21:23","guid":{"rendered":"https:\/\/portalmovil.com.ar\/?p=123752"},"modified":"2026-09-04T14:21:24","modified_gmt":"2026-09-04T17:21:24","slug":"zdero-habilito-el-ciff-algarabia-en-saenz-pena-tras-16-anos-de-espera","status":"publish","type":"post","link":"https:\/\/portalmovil.com.ar\/index.php\/2026\/09\/04\/zdero-habilito-el-ciff-algarabia-en-saenz-pena-tras-16-anos-de-espera\/","title":{"rendered":"Zdero habilit\u00f3 el CIFF \u201cAlgarab\u00eda\u201d en S\u00e1enz Pe\u00f1a tras 16 a\u00f1os de espera"},"content":{"rendered":"\n<p class=\"wp-block-paragraph\">El gobernador <strong>Leandro Zdero<\/strong> encabez\u00f3 este viernes la habilitaci\u00f3n del renovado Centro de Integraci\u00f3n y Fortalecimiento Familiar (CIFF) N\u00b0 2 \u201cAlgarab\u00eda\u201d de Presidencia Roque S\u00e1enz Pe\u00f1a, luego de m\u00e1s de 16 a\u00f1os de espera por una refacci\u00f3n integral. Durante la jornada, adem\u00e1s, se realiz\u00f3 una nueva entrega de anteojos en el marco del programa <strong>\u201cVer para Ser Libres\u201d<\/strong>.<\/p>\n\n\n\n<p class=\"wp-block-paragraph\">Acompa\u00f1ado por autoridades provinciales y municipales, Zdero destac\u00f3 la recuperaci\u00f3n del espacio y remarc\u00f3 la importancia de fortalecer los dispositivos destinados a la atenci\u00f3n, contenci\u00f3n y acompa\u00f1amiento de ni\u00f1os y sus familias.<\/p>\n\n\n\n<p class=\"wp-block-paragraph\">\u201cEstamos recuperando y fortaleciendo estos espacios para acompa\u00f1ar el crecimiento de los ni\u00f1os, pero tambi\u00e9n para formarlos en valores\u201d, sostuvo el Gobernador, quien se\u00f1al\u00f3 que el Estado debe estar presente especialmente ante situaciones familiares o judiciales complejas.<\/p>\n\n\n\n<p class=\"wp-block-paragraph\">El mandatario subray\u00f3 tambi\u00e9n la necesidad de profundizar el trabajo conjunto entre Desarrollo Humano, Educaci\u00f3n, Salud y el Poder Judicial para garantizar una atenci\u00f3n integral. \u201cTenemos que trabajar de manera conjunta para que podamos garantizar una verdadera contenci\u00f3n\u201d, afirm\u00f3.<\/p>\n\n\n\n<p class=\"wp-block-paragraph\"><strong>ZDERO DESTAC\u00d3 LA RECUPERACI\u00d3N DEL ESPACIO<\/strong><\/p>\n\n\n\n<p class=\"wp-block-paragraph\">La obra permiti\u00f3 renovar las salas, incorporar ba\u00f1os internos para cada secci\u00f3n, generar nuevos espacios para docentes, ampliar ventanas e instalar sensores de humo y equipos de aire acondicionado, entre otras mejoras.<\/p>\n\n\n\n<p class=\"wp-block-paragraph\">Durante el acto, Zdero puso en valor la importancia de recuperar infraestructura destinada a la ni\u00f1ez y sostuvo que la intervenci\u00f3n forma parte de una pol\u00edtica provincial orientada a fortalecer los espacios de protecci\u00f3n y acompa\u00f1amiento en todo el territorio chaque\u00f1o.<\/p>\n\n\n\n<p class=\"wp-block-paragraph\">\u201cMucho falta, porque tenemos que seguir trabajando, pero estamos recuperando estos espacios y d\u00e1ndoles el sentido que realmente tienen que tener: contener, acompa\u00f1ar y fortalecer a nuestros ni\u00f1os y a sus familias\u201d, expres\u00f3.<\/p>\n\n\n\n<p class=\"wp-block-paragraph\"><strong>NUEVA ENTREGA DE ANTEOJOS<\/strong><\/p>\n\n\n\n<p class=\"wp-block-paragraph\">En el marco de la actividad, Zdero tambi\u00e9n acompa\u00f1\u00f3 una nueva entrega de anteojos del programa <strong>\u201cVer para Ser Libres\u201d<\/strong>, iniciativa articulada entre los gobiernos provincial y nacional para facilitar controles oftalmol\u00f3gicos y el acceso a anteojos para ni\u00f1os y adolescentes.<\/p>\n\n\n\n<p class=\"wp-block-paragraph\">El Gobernador destac\u00f3 que S\u00e1enz Pe\u00f1a fue uno de los primeros puntos del pa\u00eds donde comenz\u00f3 a implementarse el programa y valor\u00f3 su llegada a distintas localidades chaque\u00f1as.<\/p>\n\n\n\n<p class=\"wp-block-paragraph\">\u201cSeguimos avanzando con este programa, que permite que muchos chicos puedan realizarse los controles y, cuando corresponde, recibir sus anteojos\u201d, se\u00f1al\u00f3 Zdero.<\/p>\n\n\n\n<p class=\"wp-block-paragraph\">De esta manera, el mandatario destac\u00f3 ambas iniciativas como parte de las acciones de su gesti\u00f3n destinadas a <strong>recuperar espacios p\u00fablicos, fortalecer la contenci\u00f3n social y garantizar derechos para ni\u00f1os y adolescentes chaque\u00f1os<\/strong>.<\/p>\n","protected":false},"excerpt":{"rendered":"<p>El gobernador Leandro Zdero encabez\u00f3 este viernes la habilitaci\u00f3n del renovado Centro de Integraci\u00f3n y Fortalecimiento Familiar (CIFF) N\u00b0 2 \u201cAlgarab\u00eda\u201d de Presidencia Roque S\u00e1enz Pe\u00f1a, luego de m\u00e1s de 16 a\u00f1os de espera por una refacci\u00f3n integral. Durante la jornada, adem\u00e1s, se realiz\u00f3 una nueva entrega de anteojos en el marco del programa \u201cVer &hellip;<\/p>\n","protected":false},"author":2,"featured_media":123753,"comment_status":"open","ping_status":"open","sticky":false,"template":"","format":"standard","meta":{"_jetpack_newsletter_access":"","_jetpack_dont_email_post_to_subs":false,"_jetpack_newsletter_tier_id":0,"_jetpack_memberships_contains_paywalled_content":false,"_jetpack_feature_clip_id":0,"_jetpack_memberships_contains_paid_content":false,"footnotes":"","jetpack_publicize_message":"","jetpack_publicize_feature_enabled":true,"jetpack_social_post_already_shared":true,"jetpack_social_options":{"image_generator_settings":{"template":"highway","default_image_id":0,"font":"","enabled":false},"version":2},"jetpack_post_was_ever_published":false},"categories":[5,14],"tags":[],"class_list":["post-123752","post","type-post","status-publish","format-standard","has-post-thumbnail","hentry","category-chaco","category-politica"],"jetpack_publicize_connections":[],"jetpack_sharing_enabled":true,"amp_enabled":true,"jetpack_featured_media_url":"https:\/\/portalmovil.com.ar\/wp-content\/uploads\/2026\/09\/55868a1d-b138-4933-bc56-c1f8df949e0d.jpeg","_links":{"self":[{"href":"https:\/\/portalmovil.com.ar\/index.php\/wp-json\/wp\/v2\/posts\/123752","targetHints":{"allow":["GET"]}}],"collection":[{"href":"https:\/\/portalmovil.com.ar\/index.php\/wp-json\/wp\/v2\/posts"}],"about":[{"href":"https:\/\/portalmovil.com.ar\/index.php\/wp-json\/wp\/v2\/types\/post"}],"author":[{"embeddable":true,"href":"https:\/\/portalmovil.com.ar\/index.php\/wp-json\/wp\/v2\/users\/2"}],"replies":[{"embeddable":true,"href":"https:\/\/portalmovil.com.ar\/index.php\/wp-json\/wp\/v2\/comments?post=123752"}],"version-history":[{"count":1,"href":"https:\/\/portalmovil.com.ar\/index.php\/wp-json\/wp\/v2\/posts\/123752\/revisions"}],"predecessor-version":[{"id":123754,"href":"https:\/\/portalmovil.com.ar\/index.php\/wp-json\/wp\/v2\/posts\/123752\/revisions\/123754"}],"wp:featuredmedia":[{"embeddable":true,"href":"https:\/\/portalmovil.com.ar\/index.php\/wp-json\/wp\/v2\/media\/123753"}],"wp:attachment":[{"href":"https:\/\/portalmovil.com.ar\/index.php\/wp-json\/wp\/v2\/media?parent=123752"}],"wp:term":[{"taxonomy":"category","embeddable":true,"href":"https:\/\/portalmovil.com.ar\/index.php\/wp-json\/wp\/v2\/categories?post=123752"},{"taxonomy":"post_tag","embeddable":true,"href":"https:\/\/portalmovil.com.ar\/index.php\/wp-json\/wp\/v2\/tags?post=123752"}],"curies":[{"name":"wp","href":"https:\/\/api.w.org\/{rel}","templated":true}]}}