{"id":123741,"date":"2026-09-04T11:28:31","date_gmt":"2026-09-04T14:28:31","guid":{"rendered":"https:\/\/portalmovil.com.ar\/?p=123741"},"modified":"2026-09-04T11:28:33","modified_gmt":"2026-09-04T14:28:33","slug":"anunciaron-el-cronograma-de-pagos-de-programas-provinciales","status":"publish","type":"post","link":"https:\/\/portalmovil.com.ar\/index.php\/2026\/09\/04\/anunciaron-el-cronograma-de-pagos-de-programas-provinciales\/","title":{"rendered":"Anunciaron el cronograma de pagos de programas provinciales"},"content":{"rendered":"\n<p class=\"wp-block-paragraph\">El Gobierno del Chaco, a trav\u00e9s del Ministerio de Hacienda y Finanzas, inform\u00f3 el cronograma de pagos correspondiente a los distintos programas provinciales, cuyas acreditaciones comenzar\u00e1n el pr\u00f3ximo martes 8 de septiembre.<\/p>\n\n\n\n<p class=\"wp-block-paragraph\">Los beneficiarios recibir\u00e1n los fondos en sus cuentas del Nuevo Banco del Chaco (NBCH), donde estar\u00e1n disponibles a trav\u00e9s de todos los canales electr\u00f3nicos habilitados, de manera \u00e1gil y segura.<\/p>\n\n\n\n<p class=\"wp-block-paragraph\">De acuerdo con el cronograma establecido, los pagos se realizar\u00e1n en las siguientes fechas:<\/p>\n\n\n\n<p class=\"wp-block-paragraph\"><strong>Martes 8 de septiembre:<\/strong><\/p>\n\n\n\n<ul class=\"wp-block-list\">\n<li>Expertos, dependiente del Ministerio de Salud P\u00fablica.<\/li>\n<\/ul>\n\n\n\n<p class=\"wp-block-paragraph\"><strong>Lunes 14 de septiembre:<\/strong><\/p>\n\n\n\n<ul class=\"wp-block-list\">\n<li>Becas M\u00e1s Salud, del Ministerio de Salud.<\/li>\n\n\n\n<li>Becas M\u00e1s Gobierno, del Ministerio de Gobierno.<\/li>\n<\/ul>\n\n\n\n<p class=\"wp-block-paragraph\"><strong>Mi\u00e9rcoles 16 de septiembre:<\/strong><\/p>\n\n\n\n<ul class=\"wp-block-list\">\n<li>Programa M\u00e1s Desarrollo.<\/li>\n\n\n\n<li>Programa de Reconversi\u00f3n Laboral Canillitas, del Ministerio de Desarrollo Humano.<\/li>\n\n\n\n<li>Servicio de Mantenimiento de Establecimientos Educativos, del Ministerio de Educaci\u00f3n.<\/li>\n<\/ul>\n\n\n\n<p class=\"wp-block-paragraph\">Desde el Ministerio de Hacienda y Finanzas se\u00f1alaron que la organizaci\u00f3n del cronograma tiene como objetivo ordenar las acreditaciones y evitar concentraciones innecesarias, facilitando que los beneficiarios puedan disponer de sus fondos de manera r\u00e1pida y segura.<\/p>\n\n\n\n<p class=\"wp-block-paragraph\">Asimismo, remarcaron que los montos acreditados podr\u00e1n ser utilizados mediante los distintos canales electr\u00f3nicos del Nuevo Banco del Chaco, sin necesidad de realizar tr\u00e1mites adicionales.<\/p>\n","protected":false},"excerpt":{"rendered":"<p>El Gobierno del Chaco, a trav\u00e9s del Ministerio de Hacienda y Finanzas, inform\u00f3 el cronograma de pagos correspondiente a los distintos programas provinciales, cuyas acreditaciones comenzar\u00e1n el pr\u00f3ximo martes 8 de septiembre. Los beneficiarios recibir\u00e1n los fondos en sus cuentas del Nuevo Banco del Chaco (NBCH), donde estar\u00e1n disponibles a trav\u00e9s de todos los canales &hellip;<\/p>\n","protected":false},"author":2,"featured_media":76345,"comment_status":"open","ping_status":"open","sticky":false,"template":"","format":"standard","meta":{"_jetpack_newsletter_access":"","_jetpack_dont_email_post_to_subs":false,"_jetpack_newsletter_tier_id":0,"_jetpack_memberships_contains_paywalled_content":false,"_jetpack_feature_clip_id":0,"_jetpack_memberships_contains_paid_content":false,"footnotes":"","jetpack_publicize_message":"","jetpack_publicize_feature_enabled":true,"jetpack_social_post_already_shared":true,"jetpack_social_options":{"image_generator_settings":{"template":"highway","default_image_id":0,"font":"","enabled":false},"version":2},"jetpack_post_was_ever_published":false},"categories":[5,175],"tags":[],"class_list":["post-123741","post","type-post","status-publish","format-standard","has-post-thumbnail","hentry","category-chaco","category-economia"],"jetpack_publicize_connections":[],"jetpack_sharing_enabled":true,"amp_enabled":true,"jetpack_featured_media_url":"https:\/\/portalmovil.com.ar\/wp-content\/uploads\/2023\/05\/63ebaa001c670892814762.jpg","_links":{"self":[{"href":"https:\/\/portalmovil.com.ar\/index.php\/wp-json\/wp\/v2\/posts\/123741","targetHints":{"allow":["GET"]}}],"collection":[{"href":"https:\/\/portalmovil.com.ar\/index.php\/wp-json\/wp\/v2\/posts"}],"about":[{"href":"https:\/\/portalmovil.com.ar\/index.php\/wp-json\/wp\/v2\/types\/post"}],"author":[{"embeddable":true,"href":"https:\/\/portalmovil.com.ar\/index.php\/wp-json\/wp\/v2\/users\/2"}],"replies":[{"embeddable":true,"href":"https:\/\/portalmovil.com.ar\/index.php\/wp-json\/wp\/v2\/comments?post=123741"}],"version-history":[{"count":1,"href":"https:\/\/portalmovil.com.ar\/index.php\/wp-json\/wp\/v2\/posts\/123741\/revisions"}],"predecessor-version":[{"id":123742,"href":"https:\/\/portalmovil.com.ar\/index.php\/wp-json\/wp\/v2\/posts\/123741\/revisions\/123742"}],"wp:featuredmedia":[{"embeddable":true,"href":"https:\/\/portalmovil.com.ar\/index.php\/wp-json\/wp\/v2\/media\/76345"}],"wp:attachment":[{"href":"https:\/\/portalmovil.com.ar\/index.php\/wp-json\/wp\/v2\/media?parent=123741"}],"wp:term":[{"taxonomy":"category","embeddable":true,"href":"https:\/\/portalmovil.com.ar\/index.php\/wp-json\/wp\/v2\/categories?post=123741"},{"taxonomy":"post_tag","embeddable":true,"href":"https:\/\/portalmovil.com.ar\/index.php\/wp-json\/wp\/v2\/tags?post=123741"}],"curies":[{"name":"wp","href":"https:\/\/api.w.org\/{rel}","templated":true}]}}