{"id":123711,"date":"2026-09-03T22:28:57","date_gmt":"2026-09-04T01:28:57","guid":{"rendered":"https:\/\/portalmovil.com.ar\/?p=123711"},"modified":"2026-09-03T22:28:59","modified_gmt":"2026-09-04T01:28:59","slug":"milei-anuncio-la-construccion-de-una-base-naval-en-tierra-del-fuego-y-sanciones-a-petroleras-que-operen-en-malvinas","status":"publish","type":"post","link":"https:\/\/portalmovil.com.ar\/index.php\/2026\/09\/03\/milei-anuncio-la-construccion-de-una-base-naval-en-tierra-del-fuego-y-sanciones-a-petroleras-que-operen-en-malvinas\/","title":{"rendered":"Milei anunci\u00f3 la construcci\u00f3n de una base naval en Tierra del Fuego y sanciones a petroleras que operen en Malvinas"},"content":{"rendered":"\n<p class=\"wp-block-paragraph\">El presidente Javier Milei anunci\u00f3 este jueves por cadena nacional un paquete de medidas para responder al avance de proyectos de explotaci\u00f3n petrolera en las Islas Malvinas, que incluye mayores sanciones contra empresas involucradas, la construcci\u00f3n de una base naval integrada en Tierra del Fuego y el env\u00edo al Congreso de una Ley de Defensa de la Soberan\u00eda Nacional.<\/p>\n\n\n\n<p class=\"wp-block-paragraph\">El mandatario centr\u00f3 buena parte de su discurso en el proyecto petrolero Sea Lion, operado por Navitas Petroleum y Rockhopper Exploration, y asegur\u00f3 que su puesta en producci\u00f3n podr\u00eda comenzar durante los pr\u00f3ximos meses, lo que consider\u00f3 como una amenaza a la soberan\u00eda argentina.<\/p>\n\n\n\n<p class=\"wp-block-paragraph\">\u201cHoy nuestra causa nacional enfrenta un peligro claro y urgente y demanda una respuesta proporcional. No lo vamos a permitir. La Argentina no se quedar\u00e1 de brazos cruzados. Como respuesta a esta situaci\u00f3n vamos a desplegar todas las herramientas del Estado para disuadir a los actores estatales y no estatales que violenten nuestra soberan\u00eda\u201d, dijo.<\/p>\n\n\n\n<p class=\"wp-block-paragraph\">Milei dijo que las medidas son producto de varios meses de trabajo con distintas \u00e1reas del gobierno. Anticip\u00f3 que firmar\u00e1 un decreto para \u201cdotar de mayor celeridad a los procedimientos sancionatorios que impone la ley 26.659 contra quienes participan de iniciativas de explotaci\u00f3n de petr\u00f3leo\u201d.<\/p>\n\n\n\n<figure class=\"wp-block-embed is-type-video is-provider-youtube wp-block-embed-youtube wp-embed-aspect-16-9 wp-has-aspect-ratio\"><div class=\"wp-block-embed__wrapper\">\n<iframe loading=\"lazy\" title=\"Las Malvinas son Argentinas | Cadena Nacional Presidente Javier Milei\" width=\"500\" height=\"281\" src=\"https:\/\/www.youtube.com\/embed\/jzTTOB0jNyQ?feature=oembed\" frameborder=\"0\" allow=\"accelerometer; autoplay; clipboard-write; encrypted-media; gyroscope; picture-in-picture; web-share\" referrerpolicy=\"strict-origin-when-cross-origin\" allowfullscreen><\/iframe>\n<\/div><\/figure>\n","protected":false},"excerpt":{"rendered":"<p>El presidente Javier Milei anunci\u00f3 este jueves por cadena nacional un paquete de medidas para responder al avance de proyectos de explotaci\u00f3n petrolera en las Islas Malvinas, que incluye mayores sanciones contra empresas involucradas, la construcci\u00f3n de una base naval integrada en Tierra del Fuego y el env\u00edo al Congreso de una Ley de Defensa &hellip;<\/p>\n","protected":false},"author":2,"featured_media":123712,"comment_status":"open","ping_status":"open","sticky":false,"template":"","format":"standard","meta":{"_jetpack_newsletter_access":"","_jetpack_dont_email_post_to_subs":false,"_jetpack_newsletter_tier_id":0,"_jetpack_memberships_contains_paywalled_content":false,"_jetpack_feature_clip_id":0,"_jetpack_memberships_contains_paid_content":false,"footnotes":"","jetpack_publicize_message":"","jetpack_publicize_feature_enabled":true,"jetpack_social_post_already_shared":true,"jetpack_social_options":{"image_generator_settings":{"template":"highway","default_image_id":0,"font":"","enabled":false},"version":2},"jetpack_post_was_ever_published":false},"categories":[639,14],"tags":[],"class_list":["post-123711","post","type-post","status-publish","format-standard","has-post-thumbnail","hentry","category-argentina","category-politica"],"jetpack_publicize_connections":[],"jetpack_sharing_enabled":true,"amp_enabled":true,"jetpack_featured_media_url":"https:\/\/portalmovil.com.ar\/wp-content\/uploads\/2026\/09\/milei-milei-uno.jpg","_links":{"self":[{"href":"https:\/\/portalmovil.com.ar\/index.php\/wp-json\/wp\/v2\/posts\/123711","targetHints":{"allow":["GET"]}}],"collection":[{"href":"https:\/\/portalmovil.com.ar\/index.php\/wp-json\/wp\/v2\/posts"}],"about":[{"href":"https:\/\/portalmovil.com.ar\/index.php\/wp-json\/wp\/v2\/types\/post"}],"author":[{"embeddable":true,"href":"https:\/\/portalmovil.com.ar\/index.php\/wp-json\/wp\/v2\/users\/2"}],"replies":[{"embeddable":true,"href":"https:\/\/portalmovil.com.ar\/index.php\/wp-json\/wp\/v2\/comments?post=123711"}],"version-history":[{"count":1,"href":"https:\/\/portalmovil.com.ar\/index.php\/wp-json\/wp\/v2\/posts\/123711\/revisions"}],"predecessor-version":[{"id":123713,"href":"https:\/\/portalmovil.com.ar\/index.php\/wp-json\/wp\/v2\/posts\/123711\/revisions\/123713"}],"wp:featuredmedia":[{"embeddable":true,"href":"https:\/\/portalmovil.com.ar\/index.php\/wp-json\/wp\/v2\/media\/123712"}],"wp:attachment":[{"href":"https:\/\/portalmovil.com.ar\/index.php\/wp-json\/wp\/v2\/media?parent=123711"}],"wp:term":[{"taxonomy":"category","embeddable":true,"href":"https:\/\/portalmovil.com.ar\/index.php\/wp-json\/wp\/v2\/categories?post=123711"},{"taxonomy":"post_tag","embeddable":true,"href":"https:\/\/portalmovil.com.ar\/index.php\/wp-json\/wp\/v2\/tags?post=123711"}],"curies":[{"name":"wp","href":"https:\/\/api.w.org\/{rel}","templated":true}]}}