{"id":123708,"date":"2026-09-03T17:12:05","date_gmt":"2026-09-03T20:12:05","guid":{"rendered":"https:\/\/portalmovil.com.ar\/?p=123708"},"modified":"2026-09-03T17:12:07","modified_gmt":"2026-09-03T20:12:07","slug":"la-onu-alerto-que-el-fenomeno-de-el-nino-durara-hasta-febrero-y-sera-muy-fuerte","status":"publish","type":"post","link":"https:\/\/portalmovil.com.ar\/index.php\/2026\/09\/03\/la-onu-alerto-que-el-fenomeno-de-el-nino-durara-hasta-febrero-y-sera-muy-fuerte\/","title":{"rendered":"La ONU alert\u00f3 que el fen\u00f3meno de El Ni\u00f1o durar\u00e1 hasta febrero y ser\u00e1 \u201cmuy fuerte\u201d"},"content":{"rendered":"\n<p class=\"wp-block-paragraph\">El fen\u00f3meno \u201cse est\u00e1 volviendo gigantesco ante nuestros ojos\u201d, advirti\u00f3 la Organizaci\u00f3n Meteorol\u00f3gica Mundial. El organismo remarc\u00f3 que \u201cla ciencia no deja lugar a dudas: el planeta se encuentra en aguas desconocidas, y esas aguas se est\u00e1n calentando\u201d<\/p>\n\n\n\n<p class=\"wp-block-paragraph\">La Organizaci\u00f3n Meteorol\u00f3gica Mundial (OMM) advirti\u00f3 este jueves que el fen\u00f3meno de El Ni\u00f1o se intensificar\u00e1 durante los pr\u00f3ximos meses y alcanzar\u00e1 una magnitud muy fuerte, con efectos que podr\u00edan extenderse hasta febrero de 2027 y repercusiones clim\u00e1ticas durante buena parte de ese a\u00f1o.<\/p>\n\n\n\n<p class=\"wp-block-paragraph\">El organismo se\u00f1al\u00f3 que existe una probabilidad \u201cextraordinariamente alta, cercana al 100%\u201d de que el actual episodio persista hasta febrero. El Ni\u00f1o eleva la temperatura de la superficie en el Pac\u00edfico ecuatorial central y oriental, con efectos sobre los vientos, la presi\u00f3n atmosf\u00e9rica y las lluvias en distintas regiones del mundo.<\/p>\n\n\n\n<p class=\"wp-block-paragraph\">\u201cEl Ni\u00f1o est\u00e1 claramente establecido y se intensificar\u00e1 hasta convertirse en un fen\u00f3meno muy fuerte en los pr\u00f3ximos meses, con grandes impactos en los patrones de precipitaci\u00f3n y temperatura, y los riesgos asociados a inundaciones, sequ\u00edas y calor extremo\u201d, afirm\u00f3 la agencia de la Organizaci\u00f3n de Naciones Unidas (ONU).<\/p>\n\n\n\n<p class=\"wp-block-paragraph\">\u201cEl Ni\u00f1o se est\u00e1 volviendo gigantesco ante nuestros ojos\u201d, alert\u00f3 el secretario general de Naciones Unidas, Antonio Guterres. \u201cLa ciencia no deja lugar a dudas: el planeta se encuentra en aguas desconocidas, y esas aguas se est\u00e1n calentando. Las temperaturas de la superficie del mar est\u00e1n aumentando, las temperaturas siguen subiendo y el mundo se encuentra en la zona de peligro del clima extremo\u201d, agreg\u00f3.<\/p>\n\n\n\n<p class=\"wp-block-paragraph\">Los efectos ya llevaron a Panam\u00e1 y El Salvador a declarar emergencias. En el caso paname\u00f1o, el fen\u00f3meno oblig\u00f3 a reducir el tr\u00e1nsito de embarcaciones por la v\u00eda interoce\u00e1nica. Ecuador, por su parte, decret\u00f3 la alerta roja ante la intensificaci\u00f3n del evento.<\/p>\n\n\n\n<p class=\"wp-block-paragraph\">El \u00edndice de temperatura de la superficie del mar en el Pac\u00edfico ecuatorial centrooriental pas\u00f3 de un promedio de 1,5 \u00b0C por encima de lo normal entre mayo y julio a valores semanales de entre 2,2 \u00b0C y 2,6 \u00b0C sobre la media entre fines de julio y mediados de agosto. En algunas \u00e1reas, las temperaturas subsuperficiales del oc\u00e9ano superaron en m\u00e1s de 8 \u00b0C el promedio durante julio y los primeros d\u00edas de agosto, seg\u00fan el informe de la OMM.<\/p>\n\n\n\n<p class=\"wp-block-paragraph\">El fen\u00f3meno no deriva del cambio clim\u00e1tico, aunque los cient\u00edficos prev\u00e9n que agrave el calentamiento global causado por la quema de combustibles f\u00f3siles y aumente la intensidad de episodios meteorol\u00f3gicos extremos.<\/p>\n\n\n\n<p class=\"wp-block-paragraph\">Guterres sostuvo que la respuesta depender\u00e1 de la velocidad de las medidas de prevenci\u00f3n. \u201cLa carrera ahora es entre los riesgos crecientes y nuestro compromiso de tomar medidas clim\u00e1ticas y proteger a las personas. Debemos ganar esa carrera\u201d, afirm\u00f3.<\/p>\n\n\n\n<p class=\"wp-block-paragraph\">La directora de la OMM, Celeste Saulo, advirti\u00f3 que el episodio puede afectar a comunidades y econom\u00edas en distintas regiones. \u201cEste El Ni\u00f1o excepcional (\u2026) tiene el potencial de asestar un golpe devastador a las comunidades y econom\u00edas de todo el mundo\u201d, indic\u00f3.<\/p>\n\n\n\n<p class=\"wp-block-paragraph\">\u201cYa estamos viendo perturbaciones y devastaci\u00f3n causadas por sequ\u00edas e inundaciones, y esperamos que estos impactos aumenten a medida que El Ni\u00f1o se intensifique\u201d, agreg\u00f3 Saulo, quien pidi\u00f3 a las autoridades y a los sectores de agricultura, salud, energ\u00eda y agua que preparen respuestas.<\/p>\n\n\n\n<p class=\"wp-block-paragraph\">El Ni\u00f1o suele alcanzar su m\u00e1xima intensidad hacia el final de cada a\u00f1o, pero el calor acumulado en los oc\u00e9anos tarda m\u00e1s tiempo en trasladarse a la atm\u00f3sfera. Por ese motivo, las temperaturas globales pueden mantenerse elevadas durante los 12 meses posteriores.<\/p>\n\n\n\n<p class=\"wp-block-paragraph\">El fen\u00f3meno aparece, por lo general, cada dos a siete a\u00f1os y dura entre nueve y 12 meses. Alterna con La Ni\u00f1a, su fase opuesta, y con per\u00edodos de condiciones neutrales.<\/p>\n\n\n\n<p class=\"wp-block-paragraph\">Para el trimestre entre septiembre y noviembre, la OMM prev\u00e9 una mayor probabilidad de temperaturas superiores a los valores habituales en casi todas las regiones terrestres. Los episodios intensos de El Ni\u00f1o suelen asociarse con sequ\u00edas en \u00e1reas de la Amazon\u00eda, Indonesia y Australia, alteraciones de los monzones en India y cambios en el r\u00e9gimen de lluvias de la franja tropical.<\/p>\n","protected":false},"excerpt":{"rendered":"<p>El fen\u00f3meno \u201cse est\u00e1 volviendo gigantesco ante nuestros ojos\u201d, advirti\u00f3 la Organizaci\u00f3n Meteorol\u00f3gica Mundial. El organismo remarc\u00f3 que \u201cla ciencia no deja lugar a dudas: el planeta se encuentra en aguas desconocidas, y esas aguas se est\u00e1n calentando\u201d La Organizaci\u00f3n Meteorol\u00f3gica Mundial (OMM) advirti\u00f3 este jueves que el fen\u00f3meno de El Ni\u00f1o se intensificar\u00e1 durante &hellip;<\/p>\n","protected":false},"author":2,"featured_media":123709,"comment_status":"open","ping_status":"open","sticky":false,"template":"","format":"standard","meta":{"_jetpack_newsletter_access":"","_jetpack_dont_email_post_to_subs":false,"_jetpack_newsletter_tier_id":0,"_jetpack_memberships_contains_paywalled_content":false,"_jetpack_feature_clip_id":0,"_jetpack_memberships_contains_paid_content":false,"footnotes":"","jetpack_publicize_message":"","jetpack_publicize_feature_enabled":true,"jetpack_social_post_already_shared":true,"jetpack_social_options":{"image_generator_settings":{"template":"highway","default_image_id":0,"font":"","enabled":false},"version":2},"jetpack_post_was_ever_published":false},"categories":[28],"tags":[],"class_list":["post-123708","post","type-post","status-publish","format-standard","has-post-thumbnail","hentry","category-actualidad"],"jetpack_publicize_connections":[],"jetpack_sharing_enabled":true,"amp_enabled":true,"jetpack_featured_media_url":"https:\/\/portalmovil.com.ar\/wp-content\/uploads\/2026\/09\/IMG_1913.webp","_links":{"self":[{"href":"https:\/\/portalmovil.com.ar\/index.php\/wp-json\/wp\/v2\/posts\/123708","targetHints":{"allow":["GET"]}}],"collection":[{"href":"https:\/\/portalmovil.com.ar\/index.php\/wp-json\/wp\/v2\/posts"}],"about":[{"href":"https:\/\/portalmovil.com.ar\/index.php\/wp-json\/wp\/v2\/types\/post"}],"author":[{"embeddable":true,"href":"https:\/\/portalmovil.com.ar\/index.php\/wp-json\/wp\/v2\/users\/2"}],"replies":[{"embeddable":true,"href":"https:\/\/portalmovil.com.ar\/index.php\/wp-json\/wp\/v2\/comments?post=123708"}],"version-history":[{"count":1,"href":"https:\/\/portalmovil.com.ar\/index.php\/wp-json\/wp\/v2\/posts\/123708\/revisions"}],"predecessor-version":[{"id":123710,"href":"https:\/\/portalmovil.com.ar\/index.php\/wp-json\/wp\/v2\/posts\/123708\/revisions\/123710"}],"wp:featuredmedia":[{"embeddable":true,"href":"https:\/\/portalmovil.com.ar\/index.php\/wp-json\/wp\/v2\/media\/123709"}],"wp:attachment":[{"href":"https:\/\/portalmovil.com.ar\/index.php\/wp-json\/wp\/v2\/media?parent=123708"}],"wp:term":[{"taxonomy":"category","embeddable":true,"href":"https:\/\/portalmovil.com.ar\/index.php\/wp-json\/wp\/v2\/categories?post=123708"},{"taxonomy":"post_tag","embeddable":true,"href":"https:\/\/portalmovil.com.ar\/index.php\/wp-json\/wp\/v2\/tags?post=123708"}],"curies":[{"name":"wp","href":"https:\/\/api.w.org\/{rel}","templated":true}]}}