{"id":123706,"date":"2026-09-03T15:38:11","date_gmt":"2026-09-03T18:38:11","guid":{"rendered":"https:\/\/portalmovil.com.ar\/?p=123706"},"modified":"2026-09-03T15:38:12","modified_gmt":"2026-09-03T18:38:12","slug":"barranqueras-anuncio-el-pago-de-sueldos-a-sus-trabajadores-municipales","status":"publish","type":"post","link":"https:\/\/portalmovil.com.ar\/index.php\/2026\/09\/03\/barranqueras-anuncio-el-pago-de-sueldos-a-sus-trabajadores-municipales\/","title":{"rendered":"Barranqueras anuncio el pago de sueldos a sus trabajadores municipales"},"content":{"rendered":"\n<h3 class=\"wp-block-heading\"><strong>Desde la Municipalidad de Barranqueras informaron que este viernes 4 de septiembre, despu\u00e9s de las 14, estar\u00e1n depositados los sueldos de agosto en las cuentas de todos los trabajadores.<\/strong>&nbsp;<\/h3>\n\n\n\n<p class=\"wp-block-paragraph\"><strong>Los fondos llegar\u00e1n con el aumento correspondiente al nuevo esquema de recomposici\u00f3n salarial anunciado d\u00edas atr\u00e1s.&nbsp;<\/strong><\/p>\n\n\n\n<p class=\"wp-block-paragraph\"><strong>\u00abSeguimos trabajando con mucho compromiso para garantizar mayor bienestar a toda la familia municipal, quienes d\u00eda a d\u00eda hacen posible la transformaci\u00f3n de nuestra ciudad\u00bb,<\/strong>indicaron desde la Comuna que dirige Magda Ayala.<\/p>\n","protected":false},"excerpt":{"rendered":"<p>Desde la Municipalidad de Barranqueras informaron que este viernes 4 de septiembre, despu\u00e9s de las 14, estar\u00e1n depositados los sueldos de agosto en las cuentas de todos los trabajadores.&nbsp; Los fondos llegar\u00e1n con el aumento correspondiente al nuevo esquema de recomposici\u00f3n salarial anunciado d\u00edas atr\u00e1s.&nbsp; \u00abSeguimos trabajando con mucho compromiso para garantizar mayor bienestar a &hellip;<\/p>\n","protected":false},"author":2,"featured_media":67788,"comment_status":"open","ping_status":"open","sticky":false,"template":"","format":"standard","meta":{"_jetpack_newsletter_access":"","_jetpack_dont_email_post_to_subs":false,"_jetpack_newsletter_tier_id":0,"_jetpack_memberships_contains_paywalled_content":false,"_jetpack_feature_clip_id":0,"_jetpack_memberships_contains_paid_content":false,"footnotes":"","jetpack_publicize_message":"","jetpack_publicize_feature_enabled":true,"jetpack_social_post_already_shared":true,"jetpack_social_options":{"image_generator_settings":{"template":"highway","default_image_id":0,"font":"","enabled":false},"version":2},"jetpack_post_was_ever_published":false},"categories":[28,5],"tags":[],"class_list":["post-123706","post","type-post","status-publish","format-standard","has-post-thumbnail","hentry","category-actualidad","category-chaco"],"jetpack_publicize_connections":[],"jetpack_sharing_enabled":true,"amp_enabled":true,"jetpack_featured_media_url":"https:\/\/portalmovil.com.ar\/wp-content\/uploads\/2022\/12\/bqras-1068x712-1.jpeg","_links":{"self":[{"href":"https:\/\/portalmovil.com.ar\/index.php\/wp-json\/wp\/v2\/posts\/123706","targetHints":{"allow":["GET"]}}],"collection":[{"href":"https:\/\/portalmovil.com.ar\/index.php\/wp-json\/wp\/v2\/posts"}],"about":[{"href":"https:\/\/portalmovil.com.ar\/index.php\/wp-json\/wp\/v2\/types\/post"}],"author":[{"embeddable":true,"href":"https:\/\/portalmovil.com.ar\/index.php\/wp-json\/wp\/v2\/users\/2"}],"replies":[{"embeddable":true,"href":"https:\/\/portalmovil.com.ar\/index.php\/wp-json\/wp\/v2\/comments?post=123706"}],"version-history":[{"count":1,"href":"https:\/\/portalmovil.com.ar\/index.php\/wp-json\/wp\/v2\/posts\/123706\/revisions"}],"predecessor-version":[{"id":123707,"href":"https:\/\/portalmovil.com.ar\/index.php\/wp-json\/wp\/v2\/posts\/123706\/revisions\/123707"}],"wp:featuredmedia":[{"embeddable":true,"href":"https:\/\/portalmovil.com.ar\/index.php\/wp-json\/wp\/v2\/media\/67788"}],"wp:attachment":[{"href":"https:\/\/portalmovil.com.ar\/index.php\/wp-json\/wp\/v2\/media?parent=123706"}],"wp:term":[{"taxonomy":"category","embeddable":true,"href":"https:\/\/portalmovil.com.ar\/index.php\/wp-json\/wp\/v2\/categories?post=123706"},{"taxonomy":"post_tag","embeddable":true,"href":"https:\/\/portalmovil.com.ar\/index.php\/wp-json\/wp\/v2\/tags?post=123706"}],"curies":[{"name":"wp","href":"https:\/\/api.w.org\/{rel}","templated":true}]}}