{"id":123701,"date":"2026-09-03T12:11:46","date_gmt":"2026-09-03T15:11:46","guid":{"rendered":"https:\/\/portalmovil.com.ar\/?p=123701"},"modified":"2026-09-03T12:13:27","modified_gmt":"2026-09-03T15:13:27","slug":"encontraron-muerto-a-un-exfuncionario-de-la-procuracion-a-dias-de-enfrentar-un-juicio-oral","status":"publish","type":"post","link":"https:\/\/portalmovil.com.ar\/index.php\/2026\/09\/03\/encontraron-muerto-a-un-exfuncionario-de-la-procuracion-a-dias-de-enfrentar-un-juicio-oral\/","title":{"rendered":"Encontraron muerto a un exfuncionario de la Procuraci\u00f3n a d\u00edas de enfrentar un juicio oral"},"content":{"rendered":"\n<p class=\"wp-block-paragraph\">Guillermo Bellingi, exfuncionario de la Procuraci\u00f3n General de la Naci\u00f3n, fue encontrado muerto en la v\u00eda p\u00fablica en Villa Elisa, partido de La Plata, a pocos d\u00edas de que comenzara el juicio oral en el que estaba acusado junto con la exprocuradora&nbsp;<strong>Alejandra Gils Carb\u00f3<\/strong>.<\/p>\n\n\n\n<p class=\"wp-block-paragraph\">El hombre, de 55 a\u00f1os, fue hallado en calle 8, entre 406 y 407, con una herida de arma blanca en el t\u00f3rax. La investigaci\u00f3n policial analiza como una de las hip\u00f3tesis un posible suicidio, aunque las circunstancias de la muerte permanecen bajo investigaci\u00f3n.<\/p>\n\n\n\n<p class=\"wp-block-paragraph\">Junto al cuerpo fueron encontrados su billetera, el tel\u00e9fono celular, un reloj, una mochila y un cuchillo tipo criollo con su correspondiente vaina.<\/p>\n\n\n\n<p class=\"wp-block-paragraph\">Seg\u00fan los primeros informes, Bellingi no presentaba a simple vista lesiones defensivas ni otros signos de violencia. La herida se encontraba en la parte baja del t\u00f3rax y ten\u00eda una trayectoria inclinada hacia el lado izquierdo.<\/p>\n\n\n\n<h3 class=\"wp-block-heading\">Un juicio que deb\u00eda comenzar en 20 d\u00edas<\/h3>\n\n\n\n<p class=\"wp-block-paragraph\">Bellingi hab\u00eda sido subdirector general de Administraci\u00f3n de la Procuraci\u00f3n durante la gesti\u00f3n de Gils Carb\u00f3 y estaba acusado por su intervenci\u00f3n en la adquisici\u00f3n de un inmueble ubicado en Per\u00f3n al 600, en la ciudad de Buenos Aires.<\/p>\n\n\n\n<p class=\"wp-block-paragraph\">El juicio oral deb\u00eda comenzar en aproximadamente tres semanas ante el Tribunal Oral Federal N\u00ba 8.<\/p>\n\n\n\n<p class=\"wp-block-paragraph\">La investigaci\u00f3n judicial sostiene que la licitaci\u00f3n para comprar el inmueble habr\u00eda sido direccionada para favorecer la operaci\u00f3n finalmente concretada.<\/p>\n\n\n\n<p class=\"wp-block-paragraph\">Uno de los elementos centrales de la acusaci\u00f3n es que&nbsp;<strong>Juan Carlos Thill, medio hermano de Bellingi<\/strong>, intervino como intermediario y cobr\u00f3 una comisi\u00f3n cercana a los $3 millones por asesorar en la operaci\u00f3n realizada en 2013.<\/p>\n\n\n\n<p class=\"wp-block-paragraph\">La Procuraci\u00f3n pag\u00f3 entonces&nbsp;<strong>$43.850.000<\/strong>&nbsp;por el inmueble.<\/p>\n\n\n\n<p class=\"wp-block-paragraph\">La Justicia tambi\u00e9n puso bajo la lupa el hecho de que determinados contratos vinculados con las comisiones hab\u00edan sido firmados antes de que se conociera p\u00fablicamente el resultado de la licitaci\u00f3n.<\/p>\n\n\n\n<p class=\"wp-block-paragraph\">Gils Carb\u00f3 y Bellingi hab\u00edan sido enviados a juicio oral por decisi\u00f3n del juez Juli\u00e1n Ercolini.<\/p>\n\n\n\n<p class=\"wp-block-paragraph\">La exprocuradora fue procesada en 2017 y posteriormente renunci\u00f3 a su cargo. Desde entonces, la Procuraci\u00f3n General permanece a cargo de manera interina de Eduardo Casal.<\/p>\n\n\n\n<p class=\"wp-block-paragraph\">La muerte de Bellingi obligar\u00e1 ahora al tribunal a revisar el alcance del proceso judicial respecto del resto de los acusados, mientras la Justicia bonaerense intenta establecer con precisi\u00f3n qu\u00e9 ocurri\u00f3 durante las horas previas al hallazgo del exfuncionario.<\/p>\n\n\n\n<p class=\"wp-block-paragraph\"><\/p>\n\n\n\n<p class=\"wp-block-paragraph\"><\/p>\n\n\n\n<p class=\"wp-block-paragraph\"><\/p>\n\n\n\n<p class=\"wp-block-paragraph\"><\/p>\n\n\n\n<p class=\"wp-block-paragraph\"><\/p>\n\n\n\n<p class=\"wp-block-paragraph\"><\/p>\n\n\n\n<p class=\"wp-block-paragraph\"><\/p>\n","protected":false},"excerpt":{"rendered":"<p>Guillermo Bellingi, exfuncionario de la Procuraci\u00f3n General de la Naci\u00f3n, fue encontrado muerto en la v\u00eda p\u00fablica en Villa Elisa, partido de La Plata, a pocos d\u00edas de que comenzara el juicio oral en el que estaba acusado junto con la exprocuradora&nbsp;Alejandra Gils Carb\u00f3. El hombre, de 55 a\u00f1os, fue hallado en calle 8, entre &hellip;<\/p>\n","protected":false},"author":2,"featured_media":123702,"comment_status":"open","ping_status":"open","sticky":false,"template":"","format":"standard","meta":{"_jetpack_newsletter_access":"","_jetpack_dont_email_post_to_subs":false,"_jetpack_newsletter_tier_id":0,"_jetpack_memberships_contains_paywalled_content":false,"_jetpack_feature_clip_id":0,"_jetpack_memberships_contains_paid_content":false,"footnotes":"","jetpack_publicize_message":"","jetpack_publicize_feature_enabled":true,"jetpack_social_post_already_shared":true,"jetpack_social_options":{"image_generator_settings":{"template":"highway","default_image_id":0,"font":"","enabled":false},"version":2},"jetpack_post_was_ever_published":false},"categories":[639,50],"tags":[],"class_list":["post-123701","post","type-post","status-publish","format-standard","has-post-thumbnail","hentry","category-argentina","category-judiciales"],"jetpack_publicize_connections":[],"jetpack_sharing_enabled":true,"amp_enabled":true,"jetpack_featured_media_url":"https:\/\/portalmovil.com.ar\/wp-content\/uploads\/2026\/09\/IMG_1907.jpeg","_links":{"self":[{"href":"https:\/\/portalmovil.com.ar\/index.php\/wp-json\/wp\/v2\/posts\/123701","targetHints":{"allow":["GET"]}}],"collection":[{"href":"https:\/\/portalmovil.com.ar\/index.php\/wp-json\/wp\/v2\/posts"}],"about":[{"href":"https:\/\/portalmovil.com.ar\/index.php\/wp-json\/wp\/v2\/types\/post"}],"author":[{"embeddable":true,"href":"https:\/\/portalmovil.com.ar\/index.php\/wp-json\/wp\/v2\/users\/2"}],"replies":[{"embeddable":true,"href":"https:\/\/portalmovil.com.ar\/index.php\/wp-json\/wp\/v2\/comments?post=123701"}],"version-history":[{"count":2,"href":"https:\/\/portalmovil.com.ar\/index.php\/wp-json\/wp\/v2\/posts\/123701\/revisions"}],"predecessor-version":[{"id":123705,"href":"https:\/\/portalmovil.com.ar\/index.php\/wp-json\/wp\/v2\/posts\/123701\/revisions\/123705"}],"wp:featuredmedia":[{"embeddable":true,"href":"https:\/\/portalmovil.com.ar\/index.php\/wp-json\/wp\/v2\/media\/123702"}],"wp:attachment":[{"href":"https:\/\/portalmovil.com.ar\/index.php\/wp-json\/wp\/v2\/media?parent=123701"}],"wp:term":[{"taxonomy":"category","embeddable":true,"href":"https:\/\/portalmovil.com.ar\/index.php\/wp-json\/wp\/v2\/categories?post=123701"},{"taxonomy":"post_tag","embeddable":true,"href":"https:\/\/portalmovil.com.ar\/index.php\/wp-json\/wp\/v2\/tags?post=123701"}],"curies":[{"name":"wp","href":"https:\/\/api.w.org\/{rel}","templated":true}]}}