{"id":1237,"date":"2020-02-01T12:55:54","date_gmt":"2020-02-01T15:55:54","guid":{"rendered":"http:\/\/portalmovil.com.ar\/?p=1237"},"modified":"2020-02-01T12:56:02","modified_gmt":"2020-02-01T15:56:02","slug":"chocaron-dos-camiones-un-conductor-quedo-atrapado-en-la-cabina","status":"publish","type":"post","link":"https:\/\/portalmovil.com.ar\/index.php\/2020\/02\/01\/chocaron-dos-camiones-un-conductor-quedo-atrapado-en-la-cabina\/","title":{"rendered":"Chocaron dos camiones, un conductor quedo atrapado en la cabina"},"content":{"rendered":"\n<p>En la madrugada de hoy, cerca de las 3 am sobre ruta Nacional N\u00b0 11 km 980 se produjo un siniestro vial donde impactaron entre si dos camiones de carga.<\/p>\n\n\n\n<p>Fuentes policiales informaron que uno de los veh\u00edculos protagonistas fue un Scania 330 con acoplado, conducido por un hombre de 41 a\u00f1os, que transportaba ma\u00edz en grano. No sufri\u00f3 lesiones.<\/p>\n\n\n\n<figure class=\"wp-block-image size-large\"><img loading=\"lazy\" decoding=\"async\" width=\"1024\" height=\"498\" src=\"https:\/\/portalmovil.com.ar\/wp-content\/uploads\/2020\/02\/whatsapp_image_2020-02-01_at_08.49.09_2.jpg\" alt=\"\" class=\"wp-image-1238\" srcset=\"https:\/\/portalmovil.com.ar\/wp-content\/uploads\/2020\/02\/whatsapp_image_2020-02-01_at_08.49.09_2.jpg 1024w, https:\/\/portalmovil.com.ar\/wp-content\/uploads\/2020\/02\/whatsapp_image_2020-02-01_at_08.49.09_2-300x146.jpg 300w, https:\/\/portalmovil.com.ar\/wp-content\/uploads\/2020\/02\/whatsapp_image_2020-02-01_at_08.49.09_2-768x374.jpg 768w\" sizes=\"auto, (max-width: 1024px) 100vw, 1024px\" \/><\/figure>\n\n\n\n<p>Mientras que el otro, un Volvo 440 manejado por un santafesino de 34 a\u00f1os, que qued\u00f3 atrapado en la cabina. Esa parte del cami\u00f3n termin\u00f3 totalmente destrozada por la violencia del impacto.<\/p>\n\n\n\n<figure class=\"wp-block-image size-large\"><img loading=\"lazy\" decoding=\"async\" width=\"1024\" height=\"498\" src=\"https:\/\/portalmovil.com.ar\/wp-content\/uploads\/2020\/02\/accidente_camiones6.jpg\" alt=\"\" class=\"wp-image-1240\" srcset=\"https:\/\/portalmovil.com.ar\/wp-content\/uploads\/2020\/02\/accidente_camiones6.jpg 1024w, https:\/\/portalmovil.com.ar\/wp-content\/uploads\/2020\/02\/accidente_camiones6-300x146.jpg 300w, https:\/\/portalmovil.com.ar\/wp-content\/uploads\/2020\/02\/accidente_camiones6-768x374.jpg 768w\" sizes=\"auto, (max-width: 1024px) 100vw, 1024px\" \/><\/figure>\n\n\n\n<p>Al lugar acudieron agentes de la Divisi\u00f3n Bomberos Metropolitana, quienes rescataron al conductor y una ambulancia, aunque no hubo precisiones sobre su estado de salud.<\/p>\n","protected":false},"excerpt":{"rendered":"<p>En la madrugada de hoy, cerca de las 3 am sobre ruta Nacional N\u00b0 11 km 980 se produjo un siniestro vial donde impactaron entre si dos camiones de carga. Fuentes policiales informaron que uno de los veh\u00edculos protagonistas fue un Scania 330 con acoplado, conducido por un hombre de 41 a\u00f1os, que transportaba ma\u00edz &hellip;<\/p>\n","protected":false},"author":2,"featured_media":1241,"comment_status":"open","ping_status":"open","sticky":false,"template":"","format":"standard","meta":{"_jetpack_memberships_contains_paid_content":false,"footnotes":"","jetpack_publicize_message":"","jetpack_publicize_feature_enabled":true,"jetpack_social_post_already_shared":true,"jetpack_social_options":{"image_generator_settings":{"template":"highway","default_image_id":0,"font":"","enabled":false},"version":2}},"categories":[8],"tags":[],"class_list":["post-1237","post","type-post","status-publish","format-standard","has-post-thumbnail","hentry","category-policiales"],"jetpack_publicize_connections":[],"jetpack_featured_media_url":"https:\/\/portalmovil.com.ar\/wp-content\/uploads\/2020\/02\/accidente_camiones8-scaled.jpg","jetpack_sharing_enabled":true,"amp_enabled":true,"_links":{"self":[{"href":"https:\/\/portalmovil.com.ar\/index.php\/wp-json\/wp\/v2\/posts\/1237","targetHints":{"allow":["GET"]}}],"collection":[{"href":"https:\/\/portalmovil.com.ar\/index.php\/wp-json\/wp\/v2\/posts"}],"about":[{"href":"https:\/\/portalmovil.com.ar\/index.php\/wp-json\/wp\/v2\/types\/post"}],"author":[{"embeddable":true,"href":"https:\/\/portalmovil.com.ar\/index.php\/wp-json\/wp\/v2\/users\/2"}],"replies":[{"embeddable":true,"href":"https:\/\/portalmovil.com.ar\/index.php\/wp-json\/wp\/v2\/comments?post=1237"}],"version-history":[{"count":1,"href":"https:\/\/portalmovil.com.ar\/index.php\/wp-json\/wp\/v2\/posts\/1237\/revisions"}],"predecessor-version":[{"id":1242,"href":"https:\/\/portalmovil.com.ar\/index.php\/wp-json\/wp\/v2\/posts\/1237\/revisions\/1242"}],"wp:featuredmedia":[{"embeddable":true,"href":"https:\/\/portalmovil.com.ar\/index.php\/wp-json\/wp\/v2\/media\/1241"}],"wp:attachment":[{"href":"https:\/\/portalmovil.com.ar\/index.php\/wp-json\/wp\/v2\/media?parent=1237"}],"wp:term":[{"taxonomy":"category","embeddable":true,"href":"https:\/\/portalmovil.com.ar\/index.php\/wp-json\/wp\/v2\/categories?post=1237"},{"taxonomy":"post_tag","embeddable":true,"href":"https:\/\/portalmovil.com.ar\/index.php\/wp-json\/wp\/v2\/tags?post=1237"}],"curies":[{"name":"wp","href":"https:\/\/api.w.org\/{rel}","templated":true}]}}