{"id":123689,"date":"2026-08-24T11:31:48","date_gmt":"2026-08-24T14:31:48","guid":{"rendered":"https:\/\/portalmovil.com.ar\/?p=123689"},"modified":"2026-09-03T11:41:29","modified_gmt":"2026-09-03T14:41:29","slug":"la-ucr-capital-respaldo-la-declaracion-de-emergencia-hidrica-en-resistencia","status":"publish","type":"post","link":"https:\/\/portalmovil.com.ar\/index.php\/2026\/08\/24\/la-ucr-capital-respaldo-la-declaracion-de-emergencia-hidrica-en-resistencia\/","title":{"rendered":"La UCR Capital respald\u00f3 la declaraci\u00f3n de emergencia h\u00eddrica en Resistencia"},"content":{"rendered":"\n<p class=\"wp-block-paragraph\">El Comit\u00e9 Capital de la Uni\u00f3n C\u00edvica Radical (UCR) expres\u00f3 su respaldo a la decisi\u00f3n del Concejo Municipal de Resistencia de aprobar la Emergencia H\u00eddrica, Clim\u00e1tica y Operativa, ante la posibilidad de un per\u00edodo de lluvias intensas asociado al fen\u00f3meno de El Ni\u00f1o.<\/p>\n\n\n\n<p class=\"wp-block-paragraph\">Desde el radicalismo capitalino se\u00f1alaron que la medida permitir\u00e1 al Municipio reforzar las tareas de prevenci\u00f3n, limpieza y mantenimiento de desag\u00fces, canales y zanjeos, adem\u00e1s de contar con mayores herramientas y recursos para responder ante eventuales anegamientos e inundaciones.<\/p>\n\n\n\n<p class=\"wp-block-paragraph\">\u201cPrevenir es cuidar a nuestros vecinos\u201d, remarcaron desde la conducci\u00f3n partidaria, al destacar la importancia de anticiparse a posibles complicaciones y fortalecer el trabajo territorial en los barrios de la ciudad.<\/p>\n\n\n\n<p class=\"wp-block-paragraph\">En ese sentido, la UCR Capital pidi\u00f3 avanzar con rapidez en las acciones previstas, especialmente en aquellos sectores que registran antecedentes de inundaciones, desag\u00fces obstruidos, falta de mantenimiento de cunetas o dificultades para el normal escurrimiento del agua.<\/p>\n\n\n\n<p class=\"wp-block-paragraph\">Finalmente, desde el Comit\u00e9 Capital consideraron que la declaraci\u00f3n de emergencia debe traducirse en mayor prevenci\u00f3n, presencia territorial y capacidad de respuesta ante las necesidades de los vecinos, con el objetivo de preparar a Resistencia frente a los posibles eventos clim\u00e1ticos de los pr\u00f3ximos meses.<\/p>\n","protected":false},"excerpt":{"rendered":"<p>El Comit\u00e9 Capital de la Uni\u00f3n C\u00edvica Radical (UCR) expres\u00f3 su respaldo a la decisi\u00f3n del Concejo Municipal de Resistencia de aprobar la Emergencia H\u00eddrica, Clim\u00e1tica y Operativa, ante la posibilidad de un per\u00edodo de lluvias intensas asociado al fen\u00f3meno de El Ni\u00f1o. Desde el radicalismo capitalino se\u00f1alaron que la medida permitir\u00e1 al Municipio reforzar &hellip;<\/p>\n","protected":false},"author":2,"featured_media":123690,"comment_status":"open","ping_status":"open","sticky":false,"template":"","format":"standard","meta":{"_jetpack_newsletter_access":"","_jetpack_dont_email_post_to_subs":false,"_jetpack_newsletter_tier_id":0,"_jetpack_memberships_contains_paywalled_content":false,"_jetpack_feature_clip_id":0,"_jetpack_memberships_contains_paid_content":false,"footnotes":"","jetpack_publicize_message":"","jetpack_publicize_feature_enabled":true,"jetpack_social_post_already_shared":true,"jetpack_social_options":{"image_generator_settings":{"template":"highway","default_image_id":0,"font":"","enabled":false},"version":2},"jetpack_post_was_ever_published":false},"categories":[14,37],"tags":[],"class_list":["post-123689","post","type-post","status-publish","format-standard","has-post-thumbnail","hentry","category-politica","category-resistencia"],"jetpack_publicize_connections":[],"jetpack_sharing_enabled":true,"amp_enabled":true,"jetpack_featured_media_url":"https:\/\/portalmovil.com.ar\/wp-content\/uploads\/2026\/09\/IMG_1900.jpeg","_links":{"self":[{"href":"https:\/\/portalmovil.com.ar\/index.php\/wp-json\/wp\/v2\/posts\/123689","targetHints":{"allow":["GET"]}}],"collection":[{"href":"https:\/\/portalmovil.com.ar\/index.php\/wp-json\/wp\/v2\/posts"}],"about":[{"href":"https:\/\/portalmovil.com.ar\/index.php\/wp-json\/wp\/v2\/types\/post"}],"author":[{"embeddable":true,"href":"https:\/\/portalmovil.com.ar\/index.php\/wp-json\/wp\/v2\/users\/2"}],"replies":[{"embeddable":true,"href":"https:\/\/portalmovil.com.ar\/index.php\/wp-json\/wp\/v2\/comments?post=123689"}],"version-history":[{"count":1,"href":"https:\/\/portalmovil.com.ar\/index.php\/wp-json\/wp\/v2\/posts\/123689\/revisions"}],"predecessor-version":[{"id":123691,"href":"https:\/\/portalmovil.com.ar\/index.php\/wp-json\/wp\/v2\/posts\/123689\/revisions\/123691"}],"wp:featuredmedia":[{"embeddable":true,"href":"https:\/\/portalmovil.com.ar\/index.php\/wp-json\/wp\/v2\/media\/123690"}],"wp:attachment":[{"href":"https:\/\/portalmovil.com.ar\/index.php\/wp-json\/wp\/v2\/media?parent=123689"}],"wp:term":[{"taxonomy":"category","embeddable":true,"href":"https:\/\/portalmovil.com.ar\/index.php\/wp-json\/wp\/v2\/categories?post=123689"},{"taxonomy":"post_tag","embeddable":true,"href":"https:\/\/portalmovil.com.ar\/index.php\/wp-json\/wp\/v2\/tags?post=123689"}],"curies":[{"name":"wp","href":"https:\/\/api.w.org\/{rel}","templated":true}]}}