{"id":123682,"date":"2026-09-03T09:10:14","date_gmt":"2026-09-03T12:10:14","guid":{"rendered":"https:\/\/portalmovil.com.ar\/?p=123682"},"modified":"2026-09-03T11:57:53","modified_gmt":"2026-09-03T14:57:53","slug":"el-pj-chaco-cruzo-a-katia-blanc-traiciono-al-electorado-peronista","status":"publish","type":"post","link":"https:\/\/portalmovil.com.ar\/index.php\/2026\/09\/03\/el-pj-chaco-cruzo-a-katia-blanc-traiciono-al-electorado-peronista\/","title":{"rendered":"El PJ Chaco cruz\u00f3 a Katia Blanc: \u201cTraicion\u00f3 al electorado peronista\u201d"},"content":{"rendered":"\n<p class=\"wp-block-paragraph\">El&nbsp;<strong>Consejo Provincial del Partido Justicialista del Chaco<\/strong>&nbsp;difundi\u00f3 un duro comunicado contra la diputada Katia Blanc luego de que la legisladora diera qu\u00f3rum y acompa\u00f1ara con su voto la suspensi\u00f3n por un a\u00f1o de las PASO provinciales. Bajo el t\u00edtulo&nbsp;<strong>\u00abUna tr\u00e1nsfuga en la Legislatura\u00bb<\/strong>, el PJ manifest\u00f3 su \u00abrepudio\u00bb a lo que consider\u00f3 una decisi\u00f3n \u00abunilateral e inconsulta\u00bb y acus\u00f3 a Blanc de haber actuado en contra del espacio pol\u00edtico que la llev\u00f3 a ocupar una banca.<\/p>\n\n\n\n<p class=\"wp-block-paragraph\">La suspensi\u00f3n de las PASO fue aprobada este mi\u00e9rcoles en una sesi\u00f3n extraordinaria de la C\u00e1mara de Diputados y dej\u00f3 sin vigencia durante doce meses la Ley 2073-Q. El oficialismo necesitaba un voto opositor para alcanzar el qu\u00f3rum y la presencia de&nbsp;<strong>Katia Blanc result\u00f3 determinante<\/strong>. El proyecto termin\u00f3 aprobado con 17 votos afirmativos y, durante el pr\u00f3ximo a\u00f1o, los partidos y alianzas deber\u00e1n resolver sus candidaturas mediante mecanismos internos.<\/p>\n\n\n\n<p class=\"wp-block-paragraph\">En su comunicado, el PJ sostuvo que la medida&nbsp;<strong>\u00abdebilita al sistema democr\u00e1tico\u00bb<\/strong>&nbsp;y vincul\u00f3 la decisi\u00f3n con una estrategia pol\u00edtica del gobierno de Leandro Zdero de cara a las elecciones de 2027. Tambi\u00e9n cuestion\u00f3 particularmente a Blanc al se\u00f1alar que lleg\u00f3 a la Legislatura \u00abfundamentalmente por el voto del pueblo peronista\u00bb y afirm\u00f3 que su acompa\u00f1amiento al oficialismo representa, seg\u00fan la conducci\u00f3n partidaria,&nbsp;<strong>\u00abuno de los cap\u00edtulos m\u00e1s vergonzosos de transfuguismo pol\u00edtico\u00bb<\/strong>&nbsp;que recuerde la C\u00e1mara de Diputados chaque\u00f1a.<\/p>\n\n\n\n<p class=\"wp-block-paragraph\">El documento tambi\u00e9n elev\u00f3 el tono contra el Ejecutivo provincial y contra el Gobierno nacional, a los que acus\u00f3 de avanzar contra mecanismos de participaci\u00f3n interna de los partidos. El PJ asegur\u00f3 que Blanc habr\u00eda abandonado pol\u00edticamente el frente que le permiti\u00f3 acceder a su banca para acompa\u00f1ar al oficialismo y cerr\u00f3 el texto con un mensaje electoral:&nbsp;<strong>\u00abPodr\u00e1n postergar las elecciones, pero no evitar\u00e1n un nuevo gobierno justicialista\u00bb<\/strong>. Las expresiones forman parte del posicionamiento pol\u00edtico del Partido Justicialista y se produjeron luego de una votaci\u00f3n que dej\u00f3 expuestas nuevas tensiones dentro de la oposici\u00f3n chaque\u00f1a.<\/p>\n\n\n\n<p class=\"wp-block-paragraph\"><\/p>\n","protected":false},"excerpt":{"rendered":"<p>El&nbsp;Consejo Provincial del Partido Justicialista del Chaco&nbsp;difundi\u00f3 un duro comunicado contra la diputada Katia Blanc luego de que la legisladora diera qu\u00f3rum y acompa\u00f1ara con su voto la suspensi\u00f3n por un a\u00f1o de las PASO provinciales. Bajo el t\u00edtulo&nbsp;\u00abUna tr\u00e1nsfuga en la Legislatura\u00bb, el PJ manifest\u00f3 su \u00abrepudio\u00bb a lo que consider\u00f3 una decisi\u00f3n \u00abunilateral &hellip;<\/p>\n","protected":false},"author":2,"featured_media":123683,"comment_status":"open","ping_status":"open","sticky":false,"template":"","format":"standard","meta":{"_jetpack_newsletter_access":"","_jetpack_dont_email_post_to_subs":false,"_jetpack_newsletter_tier_id":0,"_jetpack_memberships_contains_paywalled_content":false,"_jetpack_feature_clip_id":0,"_jetpack_memberships_contains_paid_content":false,"footnotes":"","jetpack_publicize_message":"","jetpack_publicize_feature_enabled":true,"jetpack_social_post_already_shared":true,"jetpack_social_options":{"image_generator_settings":{"template":"highway","default_image_id":0,"font":"","enabled":false},"version":2},"jetpack_post_was_ever_published":false},"categories":[5,14],"tags":[],"class_list":["post-123682","post","type-post","status-publish","format-standard","has-post-thumbnail","hentry","category-chaco","category-politica"],"jetpack_publicize_connections":[],"jetpack_sharing_enabled":true,"amp_enabled":true,"jetpack_featured_media_url":"https:\/\/portalmovil.com.ar\/wp-content\/uploads\/2026\/09\/IMG_1898.jpeg","_links":{"self":[{"href":"https:\/\/portalmovil.com.ar\/index.php\/wp-json\/wp\/v2\/posts\/123682","targetHints":{"allow":["GET"]}}],"collection":[{"href":"https:\/\/portalmovil.com.ar\/index.php\/wp-json\/wp\/v2\/posts"}],"about":[{"href":"https:\/\/portalmovil.com.ar\/index.php\/wp-json\/wp\/v2\/types\/post"}],"author":[{"embeddable":true,"href":"https:\/\/portalmovil.com.ar\/index.php\/wp-json\/wp\/v2\/users\/2"}],"replies":[{"embeddable":true,"href":"https:\/\/portalmovil.com.ar\/index.php\/wp-json\/wp\/v2\/comments?post=123682"}],"version-history":[{"count":2,"href":"https:\/\/portalmovil.com.ar\/index.php\/wp-json\/wp\/v2\/posts\/123682\/revisions"}],"predecessor-version":[{"id":123685,"href":"https:\/\/portalmovil.com.ar\/index.php\/wp-json\/wp\/v2\/posts\/123682\/revisions\/123685"}],"wp:featuredmedia":[{"embeddable":true,"href":"https:\/\/portalmovil.com.ar\/index.php\/wp-json\/wp\/v2\/media\/123683"}],"wp:attachment":[{"href":"https:\/\/portalmovil.com.ar\/index.php\/wp-json\/wp\/v2\/media?parent=123682"}],"wp:term":[{"taxonomy":"category","embeddable":true,"href":"https:\/\/portalmovil.com.ar\/index.php\/wp-json\/wp\/v2\/categories?post=123682"},{"taxonomy":"post_tag","embeddable":true,"href":"https:\/\/portalmovil.com.ar\/index.php\/wp-json\/wp\/v2\/tags?post=123682"}],"curies":[{"name":"wp","href":"https:\/\/api.w.org\/{rel}","templated":true}]}}