{"id":123679,"date":"2026-09-03T09:03:04","date_gmt":"2026-09-03T12:03:04","guid":{"rendered":"https:\/\/portalmovil.com.ar\/?p=123679"},"modified":"2026-09-03T11:57:54","modified_gmt":"2026-09-03T14:57:54","slug":"murio-el-joven-baleado-tras-un-conflicto-en-avenida-lavalle","status":"publish","type":"post","link":"https:\/\/portalmovil.com.ar\/index.php\/2026\/09\/03\/murio-el-joven-baleado-tras-un-conflicto-en-avenida-lavalle\/","title":{"rendered":"Muri\u00f3 el joven baleado tras un conflicto en avenida Lavalle"},"content":{"rendered":"\n<p class=\"wp-block-paragraph\"><strong>Miguel \u00c1ngel Simek Godoy, de 24 a\u00f1os, muri\u00f3 este jueves 3 de septiembre<\/strong>&nbsp;luego de permanecer internado por las graves heridas sufridas durante un episodio con arma de fuego ocurrido el pasado 17 de agosto en Resistencia. El joven hab\u00eda recibido impactos en el t\u00f3rax y en uno de sus brazos durante una pelea registrada en la zona de&nbsp;<strong>avenida Lavalle<\/strong>.<\/p>\n\n\n\n<p class=\"wp-block-paragraph\">El hecho involucr\u00f3 a&nbsp;<strong>Miguel Dar\u00edo P\u00e9rez<\/strong>, con quien Simek manten\u00eda diferencias de vieja data. Tras el enfrentamiento, el joven fue trasladado al Hospital \u00abDr. Julio C. Perrando\u00bb, donde los estudios determinaron una herida de arma de fuego en el t\u00f3rax y una&nbsp;<strong>fractura de h\u00famero derecho provocada por un proyectil<\/strong>. En un primer momento se hab\u00eda informado que el disparo en el t\u00f3rax no hab\u00eda comprometido \u00f3rganos vitales, aunque Simek continu\u00f3 bajo atenci\u00f3n m\u00e9dica hasta que finalmente se conoci\u00f3 su fallecimiento.<\/p>\n\n\n\n<p class=\"wp-block-paragraph\">Luego del episodio,&nbsp;<strong>P\u00e9rez se present\u00f3 espont\u00e1neamente ante la Polic\u00eda alrededor de las 10<\/strong>&nbsp;y entreg\u00f3 un rev\u00f3lver calibre .38 que qued\u00f3 secuestrado para las pericias correspondientes. Seg\u00fan la versi\u00f3n aportada por su defensa, durante la pelea habr\u00eda logrado quitarle el arma a Simek y efectu\u00f3 los disparos en un contexto que calific\u00f3 como defensa propia. Sin embargo,&nbsp;<strong>el hermano de la v\u00edctima brind\u00f3 una versi\u00f3n diferente<\/strong>y sostuvo que P\u00e9rez habr\u00eda tenido el arma y disparado cuando el joven intentaba retirarse.<\/p>\n\n\n\n<p class=\"wp-block-paragraph\">La muerte de Simek modifica ahora el escenario de una investigaci\u00f3n que inicialmente hab\u00eda sido iniciada por&nbsp;<strong>lesiones graves con arma de fuego<\/strong>. La Justicia deber\u00e1 establecer c\u00f3mo ocurri\u00f3 exactamente el enfrentamiento, determinar la procedencia y utilizaci\u00f3n del arma y definir la situaci\u00f3n procesal de P\u00e9rez ante el nuevo desenlace. Las pericias, declaraciones testimoniales y dem\u00e1s elementos incorporados al expediente ser\u00e1n claves para reconstruir lo sucedido aquel 17 de agosto.<\/p>\n","protected":false},"excerpt":{"rendered":"<p>Miguel \u00c1ngel Simek Godoy, de 24 a\u00f1os, muri\u00f3 este jueves 3 de septiembre&nbsp;luego de permanecer internado por las graves heridas sufridas durante un episodio con arma de fuego ocurrido el pasado 17 de agosto en Resistencia. El joven hab\u00eda recibido impactos en el t\u00f3rax y en uno de sus brazos durante una pelea registrada en &hellip;<\/p>\n","protected":false},"author":2,"featured_media":123680,"comment_status":"open","ping_status":"open","sticky":false,"template":"","format":"standard","meta":{"_jetpack_newsletter_access":"","_jetpack_dont_email_post_to_subs":false,"_jetpack_newsletter_tier_id":0,"_jetpack_memberships_contains_paywalled_content":false,"_jetpack_feature_clip_id":0,"_jetpack_memberships_contains_paid_content":false,"footnotes":"","jetpack_publicize_message":"","jetpack_publicize_feature_enabled":true,"jetpack_social_post_already_shared":true,"jetpack_social_options":{"image_generator_settings":{"template":"highway","default_image_id":0,"font":"","enabled":false},"version":2},"jetpack_post_was_ever_published":false},"categories":[8,37],"tags":[],"class_list":["post-123679","post","type-post","status-publish","format-standard","has-post-thumbnail","hentry","category-policiales","category-resistencia"],"jetpack_publicize_connections":[],"jetpack_sharing_enabled":true,"amp_enabled":true,"jetpack_featured_media_url":"https:\/\/portalmovil.com.ar\/wp-content\/uploads\/2026\/09\/IMG_1897.jpeg","_links":{"self":[{"href":"https:\/\/portalmovil.com.ar\/index.php\/wp-json\/wp\/v2\/posts\/123679","targetHints":{"allow":["GET"]}}],"collection":[{"href":"https:\/\/portalmovil.com.ar\/index.php\/wp-json\/wp\/v2\/posts"}],"about":[{"href":"https:\/\/portalmovil.com.ar\/index.php\/wp-json\/wp\/v2\/types\/post"}],"author":[{"embeddable":true,"href":"https:\/\/portalmovil.com.ar\/index.php\/wp-json\/wp\/v2\/users\/2"}],"replies":[{"embeddable":true,"href":"https:\/\/portalmovil.com.ar\/index.php\/wp-json\/wp\/v2\/comments?post=123679"}],"version-history":[{"count":1,"href":"https:\/\/portalmovil.com.ar\/index.php\/wp-json\/wp\/v2\/posts\/123679\/revisions"}],"predecessor-version":[{"id":123681,"href":"https:\/\/portalmovil.com.ar\/index.php\/wp-json\/wp\/v2\/posts\/123679\/revisions\/123681"}],"wp:featuredmedia":[{"embeddable":true,"href":"https:\/\/portalmovil.com.ar\/index.php\/wp-json\/wp\/v2\/media\/123680"}],"wp:attachment":[{"href":"https:\/\/portalmovil.com.ar\/index.php\/wp-json\/wp\/v2\/media?parent=123679"}],"wp:term":[{"taxonomy":"category","embeddable":true,"href":"https:\/\/portalmovil.com.ar\/index.php\/wp-json\/wp\/v2\/categories?post=123679"},{"taxonomy":"post_tag","embeddable":true,"href":"https:\/\/portalmovil.com.ar\/index.php\/wp-json\/wp\/v2\/tags?post=123679"}],"curies":[{"name":"wp","href":"https:\/\/api.w.org\/{rel}","templated":true}]}}