{"id":123655,"date":"2026-09-02T20:08:22","date_gmt":"2026-09-02T23:08:22","guid":{"rendered":"https:\/\/portalmovil.com.ar\/?p=123655"},"modified":"2026-09-02T20:08:24","modified_gmt":"2026-09-02T23:08:24","slug":"una-reparacion-historica-sameep-trabajara-sobre-una-caneria-de-agua-de-106-anos","status":"publish","type":"post","link":"https:\/\/portalmovil.com.ar\/index.php\/2026\/09\/02\/una-reparacion-historica-sameep-trabajara-sobre-una-caneria-de-agua-de-106-anos\/","title":{"rendered":"Una reparaci\u00f3n hist\u00f3rica: Sameep trabajar\u00e1 sobre una ca\u00f1er\u00eda de agua de 106 a\u00f1os"},"content":{"rendered":"\n<p class=\"wp-block-paragraph\"><strong>La empresa realizar\u00e1 desde este jueves trabajos sobre un conducto principal de hierro fundido instalado en 1920. La intervenci\u00f3n demandar\u00e1 unas 36 horas y podr\u00eda afectar el normal suministro de agua en sectores del micro y macrocentro.<\/strong><\/p>\n\n\n\n<p class=\"wp-block-paragraph\">Sameep llevar\u00e1 adelante desde este jueves una intervenci\u00f3n sobre una antigua ca\u00f1er\u00eda principal de agua potable ubicada en avenida Las Heras, entre las alturas 300 y 400, en la ciudad de Resistencia.<\/p>\n\n\n\n<p class=\"wp-block-paragraph\">El conducto, construido en <strong>1920<\/strong>, tiene m\u00e1s de un siglo de antig\u00fcedad y forma parte del hist\u00f3rico sistema de distribuci\u00f3n de agua potable de la capital chaque\u00f1a. La ca\u00f1er\u00eda deriva el suministro hacia la Cisterna Central, ubicada en el predio de avenida Las Heras y 9 de Julio, desde donde se abastece a un amplio sector de la ciudad.<\/p>\n\n\n\n<p class=\"wp-block-paragraph\">Seg\u00fan inform\u00f3 la empresa, durante este jueves se realizar\u00e1n los trabajos preliminares, mientras que las tareas centrales de reparaci\u00f3n est\u00e1n previstas para el viernes.<\/p>\n\n\n\n<p class=\"wp-block-paragraph\">Debido a las caracter\u00edsticas particulares del conducto y a su antig\u00fcedad, fue necesario fabricar especialmente una pieza para poder realizar la intervenci\u00f3n y recuperar el correcto funcionamiento de la ca\u00f1er\u00eda.<\/p>\n\n\n\n<p class=\"wp-block-paragraph\">El presidente de Sameep, Nicol\u00e1s Diez, explic\u00f3 que se trata de una obra compleja por las condiciones de la infraestructura y destac\u00f3 la necesidad de contar con una pieza dise\u00f1ada espec\u00edficamente para concretar la reparaci\u00f3n.<\/p>\n\n\n\n<p class=\"wp-block-paragraph\"><strong>Recomiendan hacer un uso racional del agua<\/strong><\/p>\n\n\n\n<p class=\"wp-block-paragraph\">Desde Sameep solicitaron a los vecinos del microcentro y macrocentro <strong>tomar las previsiones necesarias y realizar un uso responsable del agua potable<\/strong> mientras duren los trabajos.<\/p>\n\n\n\n<p class=\"wp-block-paragraph\">La intervenci\u00f3n tendr\u00e1 una duraci\u00f3n estimada de <strong>36 horas<\/strong>, per\u00edodo durante el cual podr\u00edan registrarse modificaciones en el normal funcionamiento del servicio en los sectores abastecidos por el sistema intervenido.<\/p>\n\n\n\n<p class=\"wp-block-paragraph\">Adem\u00e1s, debido a que las tareas se desarrollar\u00e1n sobre una de las principales arterias de Resistencia, Sameep coordinar\u00e1 el operativo con el Municipio para ordenar la circulaci\u00f3n vehicular y reducir las complicaciones para quienes transiten por la zona.<\/p>\n","protected":false},"excerpt":{"rendered":"<p>La empresa realizar\u00e1 desde este jueves trabajos sobre un conducto principal de hierro fundido instalado en 1920. La intervenci\u00f3n demandar\u00e1 unas 36 horas y podr\u00eda afectar el normal suministro de agua en sectores del micro y macrocentro. Sameep llevar\u00e1 adelante desde este jueves una intervenci\u00f3n sobre una antigua ca\u00f1er\u00eda principal de agua potable ubicada en &hellip;<\/p>\n","protected":false},"author":2,"featured_media":123656,"comment_status":"open","ping_status":"open","sticky":false,"template":"","format":"standard","meta":{"_jetpack_newsletter_access":"","_jetpack_dont_email_post_to_subs":false,"_jetpack_newsletter_tier_id":0,"_jetpack_memberships_contains_paywalled_content":false,"_jetpack_feature_clip_id":0,"_jetpack_memberships_contains_paid_content":false,"footnotes":"","jetpack_publicize_message":"","jetpack_publicize_feature_enabled":true,"jetpack_social_post_already_shared":true,"jetpack_social_options":{"image_generator_settings":{"template":"highway","default_image_id":0,"font":"","enabled":false},"version":2},"jetpack_post_was_ever_published":false},"categories":[5,14],"tags":[],"class_list":["post-123655","post","type-post","status-publish","format-standard","has-post-thumbnail","hentry","category-chaco","category-politica"],"jetpack_publicize_connections":[],"jetpack_sharing_enabled":true,"amp_enabled":true,"jetpack_featured_media_url":"https:\/\/portalmovil.com.ar\/wp-content\/uploads\/2026\/09\/IMG_1890.webp","_links":{"self":[{"href":"https:\/\/portalmovil.com.ar\/index.php\/wp-json\/wp\/v2\/posts\/123655","targetHints":{"allow":["GET"]}}],"collection":[{"href":"https:\/\/portalmovil.com.ar\/index.php\/wp-json\/wp\/v2\/posts"}],"about":[{"href":"https:\/\/portalmovil.com.ar\/index.php\/wp-json\/wp\/v2\/types\/post"}],"author":[{"embeddable":true,"href":"https:\/\/portalmovil.com.ar\/index.php\/wp-json\/wp\/v2\/users\/2"}],"replies":[{"embeddable":true,"href":"https:\/\/portalmovil.com.ar\/index.php\/wp-json\/wp\/v2\/comments?post=123655"}],"version-history":[{"count":1,"href":"https:\/\/portalmovil.com.ar\/index.php\/wp-json\/wp\/v2\/posts\/123655\/revisions"}],"predecessor-version":[{"id":123657,"href":"https:\/\/portalmovil.com.ar\/index.php\/wp-json\/wp\/v2\/posts\/123655\/revisions\/123657"}],"wp:featuredmedia":[{"embeddable":true,"href":"https:\/\/portalmovil.com.ar\/index.php\/wp-json\/wp\/v2\/media\/123656"}],"wp:attachment":[{"href":"https:\/\/portalmovil.com.ar\/index.php\/wp-json\/wp\/v2\/media?parent=123655"}],"wp:term":[{"taxonomy":"category","embeddable":true,"href":"https:\/\/portalmovil.com.ar\/index.php\/wp-json\/wp\/v2\/categories?post=123655"},{"taxonomy":"post_tag","embeddable":true,"href":"https:\/\/portalmovil.com.ar\/index.php\/wp-json\/wp\/v2\/tags?post=123655"}],"curies":[{"name":"wp","href":"https:\/\/api.w.org\/{rel}","templated":true}]}}