{"id":123639,"date":"2026-09-02T15:07:19","date_gmt":"2026-09-02T18:07:19","guid":{"rendered":"https:\/\/portalmovil.com.ar\/?p=123639"},"modified":"2026-09-02T15:07:21","modified_gmt":"2026-09-02T18:07:21","slug":"la-justicia-federal-busca-llevar-a-juicio-a-ocho-policias-por-el-caso-de-la-cocaina","status":"publish","type":"post","link":"https:\/\/portalmovil.com.ar\/index.php\/2026\/09\/02\/la-justicia-federal-busca-llevar-a-juicio-a-ocho-policias-por-el-caso-de-la-cocaina\/","title":{"rendered":"La Justicia Federal busca llevar a juicio a ocho polic\u00edas por el caso de la coca\u00edna"},"content":{"rendered":"\n<p class=\"wp-block-paragraph\">La investigaci\u00f3n por el denominado caso \u201cnarcopolic\u00edas\u201d dio un nuevo paso en la Justicia Federal. Los fiscales Patricio Nicol\u00e1s Sabadini y Ruth Hilgenberg presentaron la acusaci\u00f3n contra ocho integrantes de la Polic\u00eda del Chaco y solicitaron que sean sometidos a juicio oral.<\/p>\n\n\n\n<p class=\"wp-block-paragraph\">La Fiscal\u00eda sostiene que los agentes habr\u00edan participado de una maniobra organizada para sustraer coca\u00edna durante una quema de estupefacientes realizada el 18 de diciembre de 2025 en el Pol\u00edgono de Tiro de la Polic\u00eda del Chaco, en Colonia Ben\u00edtez.<\/p>\n\n\n\n<p class=\"wp-block-paragraph\">Entre los acusados se encuentra el comisario Rub\u00e9n H\u00e9ctor C\u00e9sar Alegre, para quien se solicitaron 15 a\u00f1os de prisi\u00f3n. Seg\u00fan la acusaci\u00f3n, habr\u00eda ocupado un lugar central en la planificaci\u00f3n del hecho.<\/p>\n\n\n\n<p class=\"wp-block-paragraph\">Tambi\u00e9n fueron acusados el subcomisario Franco Andr\u00e9s Ram\u00edrez, los cabos primeros Gustavo Andr\u00e9s Quizama y Juan Nicol\u00e1s Almir\u00f3n N\u00fa\u00f1ez, los cabos N\u00e9stor Ariel Urne Canteros y Gast\u00f3n Ezequiel Villalba, el sargento Gustavo Jes\u00fas Acosta y el cabo primero Francisco Lucas Leonel Garc\u00eda.<\/p>\n\n\n\n<p class=\"wp-block-paragraph\"><strong>Los pedidos de pena<\/strong><\/p>\n\n\n\n<p class=\"wp-block-paragraph\">La Fiscal\u00eda solicit\u00f3 12 a\u00f1os de prisi\u00f3n para Ram\u00edrez; 11 a\u00f1os para Quizama, Urne Canteros y Almir\u00f3n N\u00fa\u00f1ez; y 8 a\u00f1os para Acosta, Villalba y Garc\u00eda.<\/p>\n\n\n\n<p class=\"wp-block-paragraph\">Para Alegre, adem\u00e1s de la pena de 15 a\u00f1os, se atribuye el delito de peculado en concurso real con la organizaci\u00f3n de la tenencia de estupefacientes con fines de comercializaci\u00f3n.<\/p>\n\n\n\n<p class=\"wp-block-paragraph\">En el caso de Villalba y Garc\u00eda, los fiscales sostienen que tuvieron participaci\u00f3n en la presunta maniobra, aunque no les atribuyen peculado debido a que no estaban presentes f\u00edsicamente en el predio cuando ocurri\u00f3 la sustracci\u00f3n.<\/p>\n\n\n\n<p class=\"wp-block-paragraph\"><strong>C\u00f3mo descubrieron la presunta maniobra<\/strong><\/p>\n\n\n\n<p class=\"wp-block-paragraph\">El hecho sali\u00f3 a la luz durante la destrucci\u00f3n de distintos cargamentos de droga. Seg\u00fan la acusaci\u00f3n, un funcionario judicial advirti\u00f3 movimientos sospechosos mientras dos polic\u00edas trasladaban una caja con coca\u00edna hacia una camioneta oficial.<\/p>\n\n\n\n<p class=\"wp-block-paragraph\">La orden de realizar un nuevo pesaje permiti\u00f3 detectar una diferencia: el cargamento hab\u00eda pasado de 8,700 kilos a 7,585 kilos.<\/p>\n\n\n\n<p class=\"wp-block-paragraph\">A partir de esa situaci\u00f3n se requis\u00f3 el veh\u00edculo. Los investigadores encontraron nueve ladrillos de coca\u00edna ocultos debajo de los asientos y dentro de una mochila.<\/p>\n\n\n\n<p class=\"wp-block-paragraph\">Pero la investigaci\u00f3n no termin\u00f3 all\u00ed. En otra mochila fue hallado un ladrillo de yeso que, seg\u00fan la Fiscal\u00eda, habr\u00eda sido preparado para reemplazar uno de los paquetes de droga durante la incineraci\u00f3n.<\/p>\n\n\n\n<p class=\"wp-block-paragraph\"><strong>Las comunicaciones que comprometen a los acusados<\/strong><\/p>\n\n\n\n<p class=\"wp-block-paragraph\">Los fiscales tambi\u00e9n incorporaron como evidencia el an\u00e1lisis de tel\u00e9fonos celulares, mensajes y audios.<\/p>\n\n\n\n<p class=\"wp-block-paragraph\">Entre las comunicaciones mencionadas aparece un audio atribuido a Quizama, enviado antes del procedimiento, adem\u00e1s de conversaciones mantenidas a trav\u00e9s del grupo de WhatsApp \u201cLos laaaaaru laaaaaru\u201d.<\/p>\n\n\n\n<p class=\"wp-block-paragraph\">La acusaci\u00f3n sostiene que los mensajes permitir\u00edan reconstruir una coordinaci\u00f3n previa entre varios de los imputados y, en algunos casos, la b\u00fasqueda de un eventual comprador para la droga que pretend\u00edan sustraer.<\/p>\n\n\n\n<p class=\"wp-block-paragraph\"><strong>El comisario Alegre, se\u00f1alado como presunto organizador<\/strong><\/p>\n\n\n\n<p class=\"wp-block-paragraph\">Uno de los principales puntos de la acusaci\u00f3n est\u00e1 puesto sobre Alegre. Para los fiscales, el comisario habr\u00eda utilizado su posici\u00f3n dentro de la estructura policial para seleccionar personal de confianza y modificar la conformaci\u00f3n de los grupos que participar\u00edan del procedimiento.<\/p>\n\n\n\n<p class=\"wp-block-paragraph\">La Fiscal\u00eda tambi\u00e9n analiza comunicaciones que, seg\u00fan su hip\u00f3tesis, podr\u00edan vincularlo con personas relacionadas con la comercializaci\u00f3n de drogas y con presuntos pagos para \u201cliberar zonas\u201d.<\/p>\n\n\n\n<p class=\"wp-block-paragraph\">La droga que habr\u00eda intentado ser sustra\u00edda alcanzaba los 9,490 kilos y, de acuerdo con la estimaci\u00f3n incorporada a la causa, tendr\u00eda un valor cercano a los 142.350 d\u00f3lares.<\/p>\n\n\n\n<p class=\"wp-block-paragraph\">Ahora, con la acusaci\u00f3n presentada, ser\u00e1 la Justicia Federal la que deber\u00e1 resolver el avance de la causa hacia el juicio oral, instancia en la que se analizar\u00e1n las pruebas y se determinar\u00e1 la responsabilidad penal de los ocho imputados.<\/p>\n","protected":false},"excerpt":{"rendered":"<p>La investigaci\u00f3n por el denominado caso \u201cnarcopolic\u00edas\u201d dio un nuevo paso en la Justicia Federal. Los fiscales Patricio Nicol\u00e1s Sabadini y Ruth Hilgenberg presentaron la acusaci\u00f3n contra ocho integrantes de la Polic\u00eda del Chaco y solicitaron que sean sometidos a juicio oral. La Fiscal\u00eda sostiene que los agentes habr\u00edan participado de una maniobra organizada para &hellip;<\/p>\n","protected":false},"author":2,"featured_media":118898,"comment_status":"open","ping_status":"open","sticky":false,"template":"","format":"standard","meta":{"_jetpack_newsletter_access":"","_jetpack_dont_email_post_to_subs":false,"_jetpack_newsletter_tier_id":0,"_jetpack_memberships_contains_paywalled_content":false,"_jetpack_feature_clip_id":0,"_jetpack_memberships_contains_paid_content":false,"footnotes":"","jetpack_publicize_message":"","jetpack_publicize_feature_enabled":true,"jetpack_social_post_already_shared":true,"jetpack_social_options":{"image_generator_settings":{"template":"highway","default_image_id":0,"font":"","enabled":false},"version":2},"jetpack_post_was_ever_published":false},"categories":[5,50],"tags":[],"class_list":["post-123639","post","type-post","status-publish","format-standard","has-post-thumbnail","hentry","category-chaco","category-judiciales"],"jetpack_publicize_connections":[],"jetpack_sharing_enabled":true,"amp_enabled":true,"jetpack_featured_media_url":"https:\/\/portalmovil.com.ar\/wp-content\/uploads\/2026\/04\/FB_IMG_1775573788132.jpg","_links":{"self":[{"href":"https:\/\/portalmovil.com.ar\/index.php\/wp-json\/wp\/v2\/posts\/123639","targetHints":{"allow":["GET"]}}],"collection":[{"href":"https:\/\/portalmovil.com.ar\/index.php\/wp-json\/wp\/v2\/posts"}],"about":[{"href":"https:\/\/portalmovil.com.ar\/index.php\/wp-json\/wp\/v2\/types\/post"}],"author":[{"embeddable":true,"href":"https:\/\/portalmovil.com.ar\/index.php\/wp-json\/wp\/v2\/users\/2"}],"replies":[{"embeddable":true,"href":"https:\/\/portalmovil.com.ar\/index.php\/wp-json\/wp\/v2\/comments?post=123639"}],"version-history":[{"count":1,"href":"https:\/\/portalmovil.com.ar\/index.php\/wp-json\/wp\/v2\/posts\/123639\/revisions"}],"predecessor-version":[{"id":123640,"href":"https:\/\/portalmovil.com.ar\/index.php\/wp-json\/wp\/v2\/posts\/123639\/revisions\/123640"}],"wp:featuredmedia":[{"embeddable":true,"href":"https:\/\/portalmovil.com.ar\/index.php\/wp-json\/wp\/v2\/media\/118898"}],"wp:attachment":[{"href":"https:\/\/portalmovil.com.ar\/index.php\/wp-json\/wp\/v2\/media?parent=123639"}],"wp:term":[{"taxonomy":"category","embeddable":true,"href":"https:\/\/portalmovil.com.ar\/index.php\/wp-json\/wp\/v2\/categories?post=123639"},{"taxonomy":"post_tag","embeddable":true,"href":"https:\/\/portalmovil.com.ar\/index.php\/wp-json\/wp\/v2\/tags?post=123639"}],"curies":[{"name":"wp","href":"https:\/\/api.w.org\/{rel}","templated":true}]}}