{"id":123619,"date":"2026-09-02T10:30:43","date_gmt":"2026-09-02T13:30:43","guid":{"rendered":"https:\/\/portalmovil.com.ar\/?p=123619"},"modified":"2026-09-02T11:23:25","modified_gmt":"2026-09-02T14:23:25","slug":"zdero-entrego-nuevos-moviles-a-la-policia-y-anuncio-mas-vehiculos-y-personal-para-reforzar-la-seguridad","status":"publish","type":"post","link":"https:\/\/portalmovil.com.ar\/index.php\/2026\/09\/02\/zdero-entrego-nuevos-moviles-a-la-policia-y-anuncio-mas-vehiculos-y-personal-para-reforzar-la-seguridad\/","title":{"rendered":"Zdero entreg\u00f3 nuevos m\u00f3viles a la Polic\u00eda y anunci\u00f3 m\u00e1s veh\u00edculos y personal para reforzar la seguridad"},"content":{"rendered":"\n<p class=\"wp-block-paragraph\">El gobernador Leandro Zdero encabez\u00f3 este mi\u00e9rcoles la entrega de 10 nuevos veh\u00edculos destinados a fortalecer el trabajo operativo de la Polic\u00eda del Chaco. Las unidades ser\u00e1n utilizadas por \u00e1reas como Polic\u00eda Caminera, Comunicaciones y la Divisi\u00f3n B\u00fasqueda de Personas.<\/p>\n\n\n\n<p class=\"wp-block-paragraph\">Durante el acto, Zdero se\u00f1al\u00f3 que se trata de una primera etapa de renovaci\u00f3n del parque automotor policial y anticip\u00f3 que en los pr\u00f3ximos meses se incorporar\u00e1n otros 30 veh\u00edculos.<\/p>\n\n\n\n<p class=\"wp-block-paragraph\">\u201cEstamos iniciando otra etapa para comprar m\u00e1s veh\u00edculos y cumplir con lo que nos hemos establecido: no solamente equipamiento para la Polic\u00eda, sino movilidad, que es fundamental para fortalecer la respuesta y actuar en beneficio de cada ciudadano\u201d, sostuvo el mandatario.<\/p>\n\n\n\n<p class=\"wp-block-paragraph\">El Gobernador tambi\u00e9n destac\u00f3 que parte de los nuevos recursos estar\u00e1n destinados a reforzar la presencia policial en el interior provincial y acompa\u00f1ar la instalaci\u00f3n de c\u00e1maras de seguridad en zonas rurales y puntos estrat\u00e9gicos.<\/p>\n\n\n\n<p class=\"wp-block-paragraph\">En ese marco, adelant\u00f3 adem\u00e1s que en aproximadamente 15 d\u00edas se anunciar\u00e1 una nueva convocatoria para incorporar personal a la Polic\u00eda del Chaco y al Servicio Penitenciario.<\/p>\n\n\n\n<p class=\"wp-block-paragraph\">Zdero remarc\u00f3 que estas medidas forman parte del Plan Estrat\u00e9gico de Seguridad P\u00fablica, que contempla inversiones en movilidad, tecnolog\u00eda, infraestructura y recursos humanos para ampliar la capacidad de respuesta de las fuerzas de seguridad en todo el territorio provincial.<\/p>\n","protected":false},"excerpt":{"rendered":"<p>El gobernador Leandro Zdero encabez\u00f3 este mi\u00e9rcoles la entrega de 10 nuevos veh\u00edculos destinados a fortalecer el trabajo operativo de la Polic\u00eda del Chaco. Las unidades ser\u00e1n utilizadas por \u00e1reas como Polic\u00eda Caminera, Comunicaciones y la Divisi\u00f3n B\u00fasqueda de Personas. Durante el acto, Zdero se\u00f1al\u00f3 que se trata de una primera etapa de renovaci\u00f3n del &hellip;<\/p>\n","protected":false},"author":2,"featured_media":123622,"comment_status":"open","ping_status":"open","sticky":false,"template":"","format":"standard","meta":{"_jetpack_newsletter_access":"","_jetpack_dont_email_post_to_subs":false,"_jetpack_newsletter_tier_id":0,"_jetpack_memberships_contains_paywalled_content":false,"_jetpack_feature_clip_id":0,"_jetpack_memberships_contains_paid_content":false,"footnotes":"","jetpack_publicize_message":"","jetpack_publicize_feature_enabled":true,"jetpack_social_post_already_shared":true,"jetpack_social_options":{"image_generator_settings":{"template":"highway","default_image_id":0,"font":"","enabled":false},"version":2},"jetpack_post_was_ever_published":false},"categories":[5,14],"tags":[],"class_list":["post-123619","post","type-post","status-publish","format-standard","has-post-thumbnail","hentry","category-chaco","category-politica"],"jetpack_publicize_connections":[],"jetpack_sharing_enabled":true,"amp_enabled":true,"jetpack_featured_media_url":"https:\/\/portalmovil.com.ar\/wp-content\/uploads\/2026\/09\/811b7c98-e702-4459-8bfb-99eed82a95b6.jpeg","_links":{"self":[{"href":"https:\/\/portalmovil.com.ar\/index.php\/wp-json\/wp\/v2\/posts\/123619","targetHints":{"allow":["GET"]}}],"collection":[{"href":"https:\/\/portalmovil.com.ar\/index.php\/wp-json\/wp\/v2\/posts"}],"about":[{"href":"https:\/\/portalmovil.com.ar\/index.php\/wp-json\/wp\/v2\/types\/post"}],"author":[{"embeddable":true,"href":"https:\/\/portalmovil.com.ar\/index.php\/wp-json\/wp\/v2\/users\/2"}],"replies":[{"embeddable":true,"href":"https:\/\/portalmovil.com.ar\/index.php\/wp-json\/wp\/v2\/comments?post=123619"}],"version-history":[{"count":1,"href":"https:\/\/portalmovil.com.ar\/index.php\/wp-json\/wp\/v2\/posts\/123619\/revisions"}],"predecessor-version":[{"id":123623,"href":"https:\/\/portalmovil.com.ar\/index.php\/wp-json\/wp\/v2\/posts\/123619\/revisions\/123623"}],"wp:featuredmedia":[{"embeddable":true,"href":"https:\/\/portalmovil.com.ar\/index.php\/wp-json\/wp\/v2\/media\/123622"}],"wp:attachment":[{"href":"https:\/\/portalmovil.com.ar\/index.php\/wp-json\/wp\/v2\/media?parent=123619"}],"wp:term":[{"taxonomy":"category","embeddable":true,"href":"https:\/\/portalmovil.com.ar\/index.php\/wp-json\/wp\/v2\/categories?post=123619"},{"taxonomy":"post_tag","embeddable":true,"href":"https:\/\/portalmovil.com.ar\/index.php\/wp-json\/wp\/v2\/tags?post=123619"}],"curies":[{"name":"wp","href":"https:\/\/api.w.org\/{rel}","templated":true}]}}