{"id":123614,"date":"2026-09-01T18:17:31","date_gmt":"2026-09-01T21:17:31","guid":{"rendered":"https:\/\/portalmovil.com.ar\/?p=123614"},"modified":"2026-09-01T18:17:33","modified_gmt":"2026-09-01T21:17:33","slug":"resistencia-declaro-la-emergencia-hidrica-y-prepara-medidas-ante-el-impacto-de-el-nino","status":"publish","type":"post","link":"https:\/\/portalmovil.com.ar\/index.php\/2026\/09\/01\/resistencia-declaro-la-emergencia-hidrica-y-prepara-medidas-ante-el-impacto-de-el-nino\/","title":{"rendered":"Resistencia declar\u00f3 la emergencia h\u00eddrica y prepara medidas ante el impacto de El Ni\u00f1o"},"content":{"rendered":"\n<p class=\"wp-block-paragraph\">El Concejo Municipal de Resistencia aprob\u00f3 este martes la declaraci\u00f3n de emergencia h\u00eddrica, clim\u00e1tica y operativa ante el escenario de lluvias intensas que podr\u00eda registrarse durante los pr\u00f3ximos meses por el fen\u00f3meno de El Ni\u00f1o.<\/p>\n\n\n\n<p class=\"wp-block-paragraph\">La iniciativa fue aprobada por <strong>ocho votos a favor y tres en contra<\/strong>, seg\u00fan confirm\u00f3 el presidente del Concejo Municipal, Alejandro Aradas. La medida cont\u00f3 con el respaldo de seis concejales del bloque de la UCR y dos del bloque CER.<\/p>\n\n\n\n<p class=\"wp-block-paragraph\">Aradas destac\u00f3 que la declaraci\u00f3n permitir\u00e1 al Municipio reforzar las tareas de prevenci\u00f3n y contar con herramientas espec\u00edficas para afrontar eventuales inundaciones. En ese marco, se prev\u00e9 intensificar la limpieza de desag\u00fces, canales principales y zanjeos en distintos barrios de la ciudad.<\/p>\n\n\n\n<p class=\"wp-block-paragraph\">Adem\u00e1s, la emergencia habilitar\u00e1 la adquisici\u00f3n de bombas y el alquiler de maquinaria destinada exclusivamente a tareas vinculadas con la prevenci\u00f3n y respuesta ante posibles eventos h\u00eddricos.<\/p>\n\n\n\n<p class=\"wp-block-paragraph\">El titular del Concejo sostuvo que las previsiones meteorol\u00f3gicas anticipan un per\u00edodo de mayor intensidad de lluvias desde fines de septiembre y durante los meses siguientes, por lo que consider\u00f3 necesario reforzar desde ahora las acciones preventivas, especialmente en los sectores identificados como m\u00e1s vulnerables.<\/p>\n\n\n\n<p class=\"wp-block-paragraph\">Aradas tambi\u00e9n cuestion\u00f3 a los concejales que votaron en contra de la iniciativa y sostuvo que la decisi\u00f3n estuvo atravesada por intereses vinculados al escenario electoral de 2027.<\/p>\n\n\n\n<p class=\"wp-block-paragraph\">Finalmente, remarc\u00f3 que los recursos derivados de la emergencia deber\u00e1n utilizarse espec\u00edficamente para atender la problem\u00e1tica h\u00eddrica y no podr\u00e1n destinarse a otras actividades. El objetivo, se\u00f1al\u00f3, ser\u00e1 priorizar las zonas inundables y reducir el impacto de las lluvias sobre los vecinos de Resistencia.<\/p>\n","protected":false},"excerpt":{"rendered":"<p>El Concejo Municipal de Resistencia aprob\u00f3 este martes la declaraci\u00f3n de emergencia h\u00eddrica, clim\u00e1tica y operativa ante el escenario de lluvias intensas que podr\u00eda registrarse durante los pr\u00f3ximos meses por el fen\u00f3meno de El Ni\u00f1o. La iniciativa fue aprobada por ocho votos a favor y tres en contra, seg\u00fan confirm\u00f3 el presidente del Concejo Municipal, &hellip;<\/p>\n","protected":false},"author":2,"featured_media":123615,"comment_status":"open","ping_status":"open","sticky":false,"template":"","format":"standard","meta":{"_jetpack_newsletter_access":"","_jetpack_dont_email_post_to_subs":false,"_jetpack_newsletter_tier_id":0,"_jetpack_memberships_contains_paywalled_content":false,"_jetpack_feature_clip_id":0,"_jetpack_memberships_contains_paid_content":false,"footnotes":"","jetpack_publicize_message":"","jetpack_publicize_feature_enabled":true,"jetpack_social_post_already_shared":true,"jetpack_social_options":{"image_generator_settings":{"template":"highway","default_image_id":0,"font":"","enabled":false},"version":2},"jetpack_post_was_ever_published":false},"categories":[14,37],"tags":[],"class_list":["post-123614","post","type-post","status-publish","format-standard","has-post-thumbnail","hentry","category-politica","category-resistencia"],"jetpack_publicize_connections":[],"jetpack_sharing_enabled":true,"amp_enabled":true,"jetpack_featured_media_url":"https:\/\/portalmovil.com.ar\/wp-content\/uploads\/2026\/09\/IMG_1839.webp","_links":{"self":[{"href":"https:\/\/portalmovil.com.ar\/index.php\/wp-json\/wp\/v2\/posts\/123614","targetHints":{"allow":["GET"]}}],"collection":[{"href":"https:\/\/portalmovil.com.ar\/index.php\/wp-json\/wp\/v2\/posts"}],"about":[{"href":"https:\/\/portalmovil.com.ar\/index.php\/wp-json\/wp\/v2\/types\/post"}],"author":[{"embeddable":true,"href":"https:\/\/portalmovil.com.ar\/index.php\/wp-json\/wp\/v2\/users\/2"}],"replies":[{"embeddable":true,"href":"https:\/\/portalmovil.com.ar\/index.php\/wp-json\/wp\/v2\/comments?post=123614"}],"version-history":[{"count":1,"href":"https:\/\/portalmovil.com.ar\/index.php\/wp-json\/wp\/v2\/posts\/123614\/revisions"}],"predecessor-version":[{"id":123616,"href":"https:\/\/portalmovil.com.ar\/index.php\/wp-json\/wp\/v2\/posts\/123614\/revisions\/123616"}],"wp:featuredmedia":[{"embeddable":true,"href":"https:\/\/portalmovil.com.ar\/index.php\/wp-json\/wp\/v2\/media\/123615"}],"wp:attachment":[{"href":"https:\/\/portalmovil.com.ar\/index.php\/wp-json\/wp\/v2\/media?parent=123614"}],"wp:term":[{"taxonomy":"category","embeddable":true,"href":"https:\/\/portalmovil.com.ar\/index.php\/wp-json\/wp\/v2\/categories?post=123614"},{"taxonomy":"post_tag","embeddable":true,"href":"https:\/\/portalmovil.com.ar\/index.php\/wp-json\/wp\/v2\/tags?post=123614"}],"curies":[{"name":"wp","href":"https:\/\/api.w.org\/{rel}","templated":true}]}}