{"id":123604,"date":"2026-09-01T14:53:53","date_gmt":"2026-09-01T17:53:53","guid":{"rendered":"https:\/\/portalmovil.com.ar\/?p=123604"},"modified":"2026-09-01T14:56:08","modified_gmt":"2026-09-01T17:56:08","slug":"zdero-lanzo-un-incentivo-de-100-000-mensuales-para-estudiantes-secundario","status":"publish","type":"post","link":"https:\/\/portalmovil.com.ar\/index.php\/2026\/09\/01\/zdero-lanzo-un-incentivo-de-100-000-mensuales-para-estudiantes-secundario\/","title":{"rendered":"Zdero lanz\u00f3 un incentivo de $100.000 mensuales para estudiantes secundario"},"content":{"rendered":"\n<p class=\"wp-block-paragraph\">El Gobierno del Chaco present\u00f3 este martes el programa&nbsp;<strong>\u00abM\u00e1s Futuro\u00bb<\/strong>, una iniciativa que otorgar\u00e1 un incentivo econ\u00f3mico de&nbsp;<strong>$100.000 mensuales<\/strong>&nbsp;a estudiantes del \u00faltimo a\u00f1o del secundario que cumplan con criterios acad\u00e9micos, de asistencia y de participaci\u00f3n. El lanzamiento se realiz\u00f3 en el Club Regatas, con una convocatoria multitudinaria de j\u00f3venes, y estuvo encabezado por el gobernador&nbsp;<strong>Leandro Zdero<\/strong>.<\/p>\n\n\n\n<p class=\"wp-block-paragraph\">El beneficio tendr\u00e1&nbsp;<strong>permanencia hasta marzo de 2027<\/strong>&nbsp;y combina el reconocimiento econ\u00f3mico con un trayecto formativo obligatorio que incluye alfabetizaci\u00f3n digital, educaci\u00f3n financiera b\u00e1sica, orientaci\u00f3n para el estudio y el trabajo, y herramientas de empleabilidad joven. \u00abTenemos que inspirar los sue\u00f1os, pero fundamentalmente darles a nuestros hijos una herramienta para que decidan sobre el futuro\u00bb, afirm\u00f3 Zdero durante la presentaci\u00f3n.<\/p>\n\n\n\n<p class=\"wp-block-paragraph\"><\/p>\n\n\n\n<p class=\"wp-block-paragraph\">La\u00a0<strong>inscripci\u00f3n se realizar\u00e1 del 1 al 28 de septiembre<\/strong>\u00a0a trav\u00e9s de la plataforma Data \u00d1achec, donde deber\u00e1 cargarse DNI, certificado de domicilio, constancia de CUIL y constancia de estudios alcanzados, con car\u00e1cter de declaraci\u00f3n jurada y aval de la instituci\u00f3n educativa. Luego seguir\u00e1 un proceso de validaci\u00f3n: entre el 18 de septiembre y el 2 de octubre se consolidar\u00e1 la informaci\u00f3n, y a partir del 28 de septiembre se notificar\u00e1 a los postulantes. Los datos validados se transferir\u00e1n al\u00a0<strong>Nuevo Banco del Chaco<\/strong>\u00a0entre el 3 y el 9 de octubre, la resoluci\u00f3n administrativa se formalizar\u00e1 entre el 10 y el 11 de octubre, y\u00a0<strong>el pago est\u00e1 previsto entre el 15 y el 20 de octubre<\/strong>.<\/p>\n\n\n\n<p class=\"wp-block-paragraph\"><\/p>\n\n\n\n<p class=\"wp-block-paragraph\"><\/p>\n\n\n\n<p class=\"wp-block-paragraph\"><\/p>\n\n\n\n<p class=\"wp-block-paragraph\"><\/p>\n\n\n\n<p class=\"wp-block-paragraph\"><\/p>\n","protected":false},"excerpt":{"rendered":"<p>El Gobierno del Chaco present\u00f3 este martes el programa&nbsp;\u00abM\u00e1s Futuro\u00bb, una iniciativa que otorgar\u00e1 un incentivo econ\u00f3mico de&nbsp;$100.000 mensuales&nbsp;a estudiantes del \u00faltimo a\u00f1o del secundario que cumplan con criterios acad\u00e9micos, de asistencia y de participaci\u00f3n. El lanzamiento se realiz\u00f3 en el Club Regatas, con una convocatoria multitudinaria de j\u00f3venes, y estuvo encabezado por el gobernador&nbsp;Leandro &hellip;<\/p>\n","protected":false},"author":2,"featured_media":123605,"comment_status":"open","ping_status":"open","sticky":false,"template":"","format":"standard","meta":{"_jetpack_newsletter_access":"","_jetpack_dont_email_post_to_subs":false,"_jetpack_newsletter_tier_id":0,"_jetpack_memberships_contains_paywalled_content":false,"_jetpack_feature_clip_id":0,"_jetpack_memberships_contains_paid_content":false,"footnotes":"","jetpack_publicize_message":"","jetpack_publicize_feature_enabled":true,"jetpack_social_post_already_shared":true,"jetpack_social_options":{"image_generator_settings":{"template":"highway","default_image_id":0,"font":"","enabled":false},"version":2},"jetpack_post_was_ever_published":false},"categories":[5,14],"tags":[],"class_list":["post-123604","post","type-post","status-publish","format-standard","has-post-thumbnail","hentry","category-chaco","category-politica"],"jetpack_publicize_connections":[],"jetpack_sharing_enabled":true,"amp_enabled":true,"jetpack_featured_media_url":"https:\/\/portalmovil.com.ar\/wp-content\/uploads\/2026\/09\/14f13efd-facb-4707-a879-fcb9d2d71019.jpeg","_links":{"self":[{"href":"https:\/\/portalmovil.com.ar\/index.php\/wp-json\/wp\/v2\/posts\/123604","targetHints":{"allow":["GET"]}}],"collection":[{"href":"https:\/\/portalmovil.com.ar\/index.php\/wp-json\/wp\/v2\/posts"}],"about":[{"href":"https:\/\/portalmovil.com.ar\/index.php\/wp-json\/wp\/v2\/types\/post"}],"author":[{"embeddable":true,"href":"https:\/\/portalmovil.com.ar\/index.php\/wp-json\/wp\/v2\/users\/2"}],"replies":[{"embeddable":true,"href":"https:\/\/portalmovil.com.ar\/index.php\/wp-json\/wp\/v2\/comments?post=123604"}],"version-history":[{"count":3,"href":"https:\/\/portalmovil.com.ar\/index.php\/wp-json\/wp\/v2\/posts\/123604\/revisions"}],"predecessor-version":[{"id":123608,"href":"https:\/\/portalmovil.com.ar\/index.php\/wp-json\/wp\/v2\/posts\/123604\/revisions\/123608"}],"wp:featuredmedia":[{"embeddable":true,"href":"https:\/\/portalmovil.com.ar\/index.php\/wp-json\/wp\/v2\/media\/123605"}],"wp:attachment":[{"href":"https:\/\/portalmovil.com.ar\/index.php\/wp-json\/wp\/v2\/media?parent=123604"}],"wp:term":[{"taxonomy":"category","embeddable":true,"href":"https:\/\/portalmovil.com.ar\/index.php\/wp-json\/wp\/v2\/categories?post=123604"},{"taxonomy":"post_tag","embeddable":true,"href":"https:\/\/portalmovil.com.ar\/index.php\/wp-json\/wp\/v2\/tags?post=123604"}],"curies":[{"name":"wp","href":"https:\/\/api.w.org\/{rel}","templated":true}]}}