{"id":123601,"date":"2026-09-01T10:33:00","date_gmt":"2026-09-01T13:33:00","guid":{"rendered":"https:\/\/portalmovil.com.ar\/?p=123601"},"modified":"2026-09-01T10:33:02","modified_gmt":"2026-09-01T13:33:02","slug":"el-chaco-inicio-el-pago-de-salarios-de-agosto-con-aumento","status":"publish","type":"post","link":"https:\/\/portalmovil.com.ar\/index.php\/2026\/09\/01\/el-chaco-inicio-el-pago-de-salarios-de-agosto-con-aumento\/","title":{"rendered":"El Chaco inici\u00f3 el pago de salarios de agosto con aumento"},"content":{"rendered":"\n<p class=\"wp-block-paragraph\">El Gobierno del Chaco comenz\u00f3 este martes 1 de septiembre el pago de los haberes correspondientes a agosto de 2026 para la administraci\u00f3n p\u00fablica provincial, con un incremento del 5%.<\/p>\n\n\n\n<p class=\"wp-block-paragraph\">En esta primera jornada se acreditaron los haberes de jubilados y pensionados, quienes podr\u00e1n retirar el dinero por cajeros autom\u00e1ticos desde las 21. El mi\u00e9rcoles 2, en tanto, podr\u00e1n cobrar por ventanilla.<\/p>\n\n\n\n<p class=\"wp-block-paragraph\">Ese mismo mi\u00e9rcoles ser\u00e1 el turno de los trabajadores activos, cuyos salarios estar\u00e1n disponibles en los cajeros autom\u00e1ticos desde las 21.<\/p>\n\n\n\n<p class=\"wp-block-paragraph\">De esta manera, tanto el sector pasivo como los empleados activos percibir\u00e1n sus haberes de agosto con el aumento del 5% establecido por el Gobierno provincial.<\/p>\n","protected":false},"excerpt":{"rendered":"<p>El Gobierno del Chaco comenz\u00f3 este martes 1 de septiembre el pago de los haberes correspondientes a agosto de 2026 para la administraci\u00f3n p\u00fablica provincial, con un incremento del 5%. En esta primera jornada se acreditaron los haberes de jubilados y pensionados, quienes podr\u00e1n retirar el dinero por cajeros autom\u00e1ticos desde las 21. El mi\u00e9rcoles &hellip;<\/p>\n","protected":false},"author":2,"featured_media":76345,"comment_status":"open","ping_status":"open","sticky":false,"template":"","format":"standard","meta":{"_jetpack_newsletter_access":"","_jetpack_dont_email_post_to_subs":false,"_jetpack_newsletter_tier_id":0,"_jetpack_memberships_contains_paywalled_content":false,"_jetpack_feature_clip_id":0,"_jetpack_memberships_contains_paid_content":false,"footnotes":"","jetpack_publicize_message":"","jetpack_publicize_feature_enabled":true,"jetpack_social_post_already_shared":true,"jetpack_social_options":{"image_generator_settings":{"template":"highway","default_image_id":0,"font":"","enabled":false},"version":2},"jetpack_post_was_ever_published":false},"categories":[28,5],"tags":[],"class_list":["post-123601","post","type-post","status-publish","format-standard","has-post-thumbnail","hentry","category-actualidad","category-chaco"],"jetpack_publicize_connections":[],"jetpack_sharing_enabled":true,"amp_enabled":true,"jetpack_featured_media_url":"https:\/\/portalmovil.com.ar\/wp-content\/uploads\/2023\/05\/63ebaa001c670892814762.jpg","_links":{"self":[{"href":"https:\/\/portalmovil.com.ar\/index.php\/wp-json\/wp\/v2\/posts\/123601","targetHints":{"allow":["GET"]}}],"collection":[{"href":"https:\/\/portalmovil.com.ar\/index.php\/wp-json\/wp\/v2\/posts"}],"about":[{"href":"https:\/\/portalmovil.com.ar\/index.php\/wp-json\/wp\/v2\/types\/post"}],"author":[{"embeddable":true,"href":"https:\/\/portalmovil.com.ar\/index.php\/wp-json\/wp\/v2\/users\/2"}],"replies":[{"embeddable":true,"href":"https:\/\/portalmovil.com.ar\/index.php\/wp-json\/wp\/v2\/comments?post=123601"}],"version-history":[{"count":1,"href":"https:\/\/portalmovil.com.ar\/index.php\/wp-json\/wp\/v2\/posts\/123601\/revisions"}],"predecessor-version":[{"id":123602,"href":"https:\/\/portalmovil.com.ar\/index.php\/wp-json\/wp\/v2\/posts\/123601\/revisions\/123602"}],"wp:featuredmedia":[{"embeddable":true,"href":"https:\/\/portalmovil.com.ar\/index.php\/wp-json\/wp\/v2\/media\/76345"}],"wp:attachment":[{"href":"https:\/\/portalmovil.com.ar\/index.php\/wp-json\/wp\/v2\/media?parent=123601"}],"wp:term":[{"taxonomy":"category","embeddable":true,"href":"https:\/\/portalmovil.com.ar\/index.php\/wp-json\/wp\/v2\/categories?post=123601"},{"taxonomy":"post_tag","embeddable":true,"href":"https:\/\/portalmovil.com.ar\/index.php\/wp-json\/wp\/v2\/tags?post=123601"}],"curies":[{"name":"wp","href":"https:\/\/api.w.org\/{rel}","templated":true}]}}