{"id":123598,"date":"2026-09-01T10:17:16","date_gmt":"2026-09-01T13:17:16","guid":{"rendered":"https:\/\/portalmovil.com.ar\/?p=123598"},"modified":"2026-09-01T10:17:18","modified_gmt":"2026-09-01T13:17:18","slug":"familia-amigos-y-cargos-el-equipo-de-capitanich-que-cobra-en-la-cima-del-escalafon","status":"publish","type":"post","link":"https:\/\/portalmovil.com.ar\/index.php\/2026\/09\/01\/familia-amigos-y-cargos-el-equipo-de-capitanich-que-cobra-en-la-cima-del-escalafon\/","title":{"rendered":"Familia, amigos y cargos: el equipo de Capitanich que cobra en la cima del escalaf\u00f3n"},"content":{"rendered":"\n<p class=\"wp-block-paragraph\">Mientras desde la pol\u00edtica se habla de austeridad y de la necesidad de cuidar los recursos p\u00fablicos, la estructura del senador chaque\u00f1o Jorge Capitanich en el Senado vuelve a quedar bajo la lupa: <strong>18 empleados integran actualmente su despacho y nueve de ellos figuran con la categor\u00eda A-1, la m\u00e1s alta del escalaf\u00f3n<\/strong>.<\/p>\n\n\n\n<p class=\"wp-block-paragraph\">Entre los beneficiados con esa m\u00e1xima categor\u00eda aparece <strong>Mar\u00eda Guillermina Capitanich, hija del senador<\/strong>, junto a otros ocho integrantes de su equipo: Paula Andrea Aguilar, Fabiola Carcar, Osvaldo Guillermo P\u00e9rez Cuevas, Moira Evelin Pared, Anal\u00eda Alexandra Rach Quiroga, Juli\u00e1n Fernando Ceballos, Julieta Marina Weller y Nadia Soledad Bosch.<\/p>\n\n\n\n<p class=\"wp-block-paragraph\">El resto del personal se encuentra distribuido en distintas categor\u00edas del escalaf\u00f3n, desde A-2 hasta A-14.<\/p>\n\n\n\n<p class=\"wp-block-paragraph\">La n\u00f3mina oficial no solo exhibe la cantidad de cargos que maneja el legislador chaque\u00f1o, sino que tambi\u00e9n abre un debate inc\u00f3modo: <strong>\u00bfcu\u00e1nto pesan la capacidad, los antecedentes y la funci\u00f3n concreta de cada empleado a la hora de acceder a los cargos de mayor jerarqu\u00eda?<\/strong><\/p>\n\n\n\n<p class=\"wp-block-paragraph\">Porque cuando <strong>la hija de un dirigente pol\u00edtico aparece entre quienes ocupan la m\u00e1xima categor\u00eda<\/strong>, y otros ocho integrantes del mismo equipo tambi\u00e9n figuran en ese nivel, resulta inevitable que la ciudadan\u00eda se pregunte si se trata de una estructura basada exclusivamente en criterios profesionales o de otra muestra de c\u00f3mo el poder distribuye cargos entre los propios.<\/p>\n","protected":false},"excerpt":{"rendered":"<p>Mientras desde la pol\u00edtica se habla de austeridad y de la necesidad de cuidar los recursos p\u00fablicos, la estructura del senador chaque\u00f1o Jorge Capitanich en el Senado vuelve a quedar bajo la lupa: 18 empleados integran actualmente su despacho y nueve de ellos figuran con la categor\u00eda A-1, la m\u00e1s alta del escalaf\u00f3n. Entre los &hellip;<\/p>\n","protected":false},"author":2,"featured_media":123599,"comment_status":"open","ping_status":"open","sticky":false,"template":"","format":"standard","meta":{"_jetpack_newsletter_access":"","_jetpack_dont_email_post_to_subs":false,"_jetpack_newsletter_tier_id":0,"_jetpack_memberships_contains_paywalled_content":false,"_jetpack_feature_clip_id":0,"_jetpack_memberships_contains_paid_content":false,"footnotes":"","jetpack_publicize_message":"","jetpack_publicize_feature_enabled":true,"jetpack_social_post_already_shared":true,"jetpack_social_options":{"image_generator_settings":{"template":"highway","default_image_id":0,"font":"","enabled":false},"version":2},"jetpack_post_was_ever_published":false},"categories":[5,14],"tags":[],"class_list":["post-123598","post","type-post","status-publish","format-standard","has-post-thumbnail","hentry","category-chaco","category-politica"],"jetpack_publicize_connections":[],"jetpack_sharing_enabled":true,"amp_enabled":true,"jetpack_featured_media_url":"https:\/\/portalmovil.com.ar\/wp-content\/uploads\/2026\/09\/IMG_1833.jpeg","_links":{"self":[{"href":"https:\/\/portalmovil.com.ar\/index.php\/wp-json\/wp\/v2\/posts\/123598","targetHints":{"allow":["GET"]}}],"collection":[{"href":"https:\/\/portalmovil.com.ar\/index.php\/wp-json\/wp\/v2\/posts"}],"about":[{"href":"https:\/\/portalmovil.com.ar\/index.php\/wp-json\/wp\/v2\/types\/post"}],"author":[{"embeddable":true,"href":"https:\/\/portalmovil.com.ar\/index.php\/wp-json\/wp\/v2\/users\/2"}],"replies":[{"embeddable":true,"href":"https:\/\/portalmovil.com.ar\/index.php\/wp-json\/wp\/v2\/comments?post=123598"}],"version-history":[{"count":1,"href":"https:\/\/portalmovil.com.ar\/index.php\/wp-json\/wp\/v2\/posts\/123598\/revisions"}],"predecessor-version":[{"id":123600,"href":"https:\/\/portalmovil.com.ar\/index.php\/wp-json\/wp\/v2\/posts\/123598\/revisions\/123600"}],"wp:featuredmedia":[{"embeddable":true,"href":"https:\/\/portalmovil.com.ar\/index.php\/wp-json\/wp\/v2\/media\/123599"}],"wp:attachment":[{"href":"https:\/\/portalmovil.com.ar\/index.php\/wp-json\/wp\/v2\/media?parent=123598"}],"wp:term":[{"taxonomy":"category","embeddable":true,"href":"https:\/\/portalmovil.com.ar\/index.php\/wp-json\/wp\/v2\/categories?post=123598"},{"taxonomy":"post_tag","embeddable":true,"href":"https:\/\/portalmovil.com.ar\/index.php\/wp-json\/wp\/v2\/tags?post=123598"}],"curies":[{"name":"wp","href":"https:\/\/api.w.org\/{rel}","templated":true}]}}