{"id":123591,"date":"2026-08-31T23:27:18","date_gmt":"2026-09-01T02:27:18","guid":{"rendered":"https:\/\/portalmovil.com.ar\/?p=123591"},"modified":"2026-08-31T23:27:19","modified_gmt":"2026-09-01T02:27:19","slug":"detienen-a-un-abogado-de-capos-narcos-rosarinos-hacia-de-nexo-entre-su-cliente-sicarios-y-traficantes-de-cocaina","status":"publish","type":"post","link":"https:\/\/portalmovil.com.ar\/index.php\/2026\/08\/31\/detienen-a-un-abogado-de-capos-narcos-rosarinos-hacia-de-nexo-entre-su-cliente-sicarios-y-traficantes-de-cocaina\/","title":{"rendered":"Detienen a un abogado de capos narcos rosarinos: hac\u00eda de nexo entre su cliente, sicarios y traficantes de coca\u00edna"},"content":{"rendered":"\n<p class=\"wp-block-paragraph\">El abogado penalista&nbsp;<strong>Mart\u00edn Castillo<\/strong>, quien ejerce la defensa de&nbsp;<strong>Pablo N\u00fa\u00f1ez<\/strong>, uno de los implicados en la causa por la desaparici\u00f3n de Loan Pe\u00f1a, fue detenido este lunes en la Ciudad de Buenos Aires por una investigaci\u00f3n sobre una presunta organizaci\u00f3n narcocriminal en Rosario.<\/p>\n\n\n\n<p class=\"wp-block-paragraph\">El operativo estuvo a cargo de efectivos de la&nbsp;<strong>Polic\u00eda Federal Argentina, la SIDE y la Central de Inteligencia y Operaciones Especiales<\/strong>, en el marco de una causa del Ministerio P\u00fablico de la Acusaci\u00f3n de Santa Fe.<\/p>\n\n\n\n<p class=\"wp-block-paragraph\">Castillo fue detenido en el barrio porte\u00f1o de Palermo, sobre avenida Scalabrini Ortiz al 2400, luego de un seguimiento iniciado tras su salida de un inmueble de la calle Uriarte. Durante el procedimiento fueron secuestrados&nbsp;<strong>dos tel\u00e9fonos celulares<\/strong>, considerados elementos de inter\u00e9s para la investigaci\u00f3n.<\/p>\n\n\n\n<p class=\"wp-block-paragraph\">Seg\u00fan el expediente, el abogado est\u00e1 acusado de haber actuado como&nbsp;<strong>nexo de comunicaciones<\/strong>entre integrantes de una estructura criminal presuntamente liderada desde el penal de Marcos Paz por&nbsp;<strong>Francisco \u201cFran\u201d Riquelme<\/strong>. La investigaci\u00f3n sostiene que habr\u00eda trasladado mensajes y conectado llamadas entre Riquelme, su hermano Jonatan, su hijo Ezequiel y otros miembros de la organizaci\u00f3n.<\/p>\n\n\n\n<p class=\"wp-block-paragraph\">Castillo ser\u00e1 llevado este viernes a una&nbsp;<strong>audiencia imputativa en el Centro de Justicia Penal de Rosario<\/strong>, junto con Ezequiel Riquelme. La Fiscal\u00eda lo acusar\u00e1 formalmente de integrar la organizaci\u00f3n criminal.<\/p>\n","protected":false},"excerpt":{"rendered":"<p>El abogado penalista&nbsp;Mart\u00edn Castillo, quien ejerce la defensa de&nbsp;Pablo N\u00fa\u00f1ez, uno de los implicados en la causa por la desaparici\u00f3n de Loan Pe\u00f1a, fue detenido este lunes en la Ciudad de Buenos Aires por una investigaci\u00f3n sobre una presunta organizaci\u00f3n narcocriminal en Rosario. El operativo estuvo a cargo de efectivos de la&nbsp;Polic\u00eda Federal Argentina, la &hellip;<\/p>\n","protected":false},"author":2,"featured_media":123592,"comment_status":"open","ping_status":"open","sticky":false,"template":"","format":"standard","meta":{"_jetpack_newsletter_access":"","_jetpack_dont_email_post_to_subs":false,"_jetpack_newsletter_tier_id":0,"_jetpack_memberships_contains_paywalled_content":false,"_jetpack_feature_clip_id":0,"_jetpack_memberships_contains_paid_content":false,"footnotes":"","jetpack_publicize_message":"","jetpack_publicize_feature_enabled":true,"jetpack_social_post_already_shared":true,"jetpack_social_options":{"image_generator_settings":{"template":"highway","default_image_id":0,"font":"","enabled":false},"version":2},"jetpack_post_was_ever_published":false},"categories":[639,50],"tags":[],"class_list":["post-123591","post","type-post","status-publish","format-standard","has-post-thumbnail","hentry","category-argentina","category-judiciales"],"jetpack_publicize_connections":[],"jetpack_sharing_enabled":true,"amp_enabled":true,"jetpack_featured_media_url":"https:\/\/portalmovil.com.ar\/wp-content\/uploads\/2026\/08\/IMG_1831.webp","_links":{"self":[{"href":"https:\/\/portalmovil.com.ar\/index.php\/wp-json\/wp\/v2\/posts\/123591","targetHints":{"allow":["GET"]}}],"collection":[{"href":"https:\/\/portalmovil.com.ar\/index.php\/wp-json\/wp\/v2\/posts"}],"about":[{"href":"https:\/\/portalmovil.com.ar\/index.php\/wp-json\/wp\/v2\/types\/post"}],"author":[{"embeddable":true,"href":"https:\/\/portalmovil.com.ar\/index.php\/wp-json\/wp\/v2\/users\/2"}],"replies":[{"embeddable":true,"href":"https:\/\/portalmovil.com.ar\/index.php\/wp-json\/wp\/v2\/comments?post=123591"}],"version-history":[{"count":1,"href":"https:\/\/portalmovil.com.ar\/index.php\/wp-json\/wp\/v2\/posts\/123591\/revisions"}],"predecessor-version":[{"id":123593,"href":"https:\/\/portalmovil.com.ar\/index.php\/wp-json\/wp\/v2\/posts\/123591\/revisions\/123593"}],"wp:featuredmedia":[{"embeddable":true,"href":"https:\/\/portalmovil.com.ar\/index.php\/wp-json\/wp\/v2\/media\/123592"}],"wp:attachment":[{"href":"https:\/\/portalmovil.com.ar\/index.php\/wp-json\/wp\/v2\/media?parent=123591"}],"wp:term":[{"taxonomy":"category","embeddable":true,"href":"https:\/\/portalmovil.com.ar\/index.php\/wp-json\/wp\/v2\/categories?post=123591"},{"taxonomy":"post_tag","embeddable":true,"href":"https:\/\/portalmovil.com.ar\/index.php\/wp-json\/wp\/v2\/tags?post=123591"}],"curies":[{"name":"wp","href":"https:\/\/api.w.org\/{rel}","templated":true}]}}