{"id":123587,"date":"2026-08-31T23:22:44","date_gmt":"2026-09-01T02:22:44","guid":{"rendered":"https:\/\/portalmovil.com.ar\/?p=123587"},"modified":"2026-08-31T23:22:45","modified_gmt":"2026-09-01T02:22:45","slug":"los-senadores-tendran-un-nuevo-aumento-y-cobraran-mas-de-13-millones","status":"publish","type":"post","link":"https:\/\/portalmovil.com.ar\/index.php\/2026\/08\/31\/los-senadores-tendran-un-nuevo-aumento-y-cobraran-mas-de-13-millones\/","title":{"rendered":"Los senadores tendr\u00e1n un nuevo aumento y cobrar\u00e1n m\u00e1s de $13 millones"},"content":{"rendered":"\n<p class=\"wp-block-paragraph\"><strong>Los senadores pasar\u00e1n a cobrar m\u00e1s de $13.100.000 en bruto a partir de enero de 2027&nbsp;<\/strong>a ra\u00edz de un nuevo acuerdo entre las autoridades del Congreso y los gremios legislativos.<\/p>\n\n\n\n<p class=\"wp-block-paragraph\">Los aumentos son los mismos que el Gobierno acord\u00f3 con los empleados estatales, pero sin bono:&nbsp;<strong>1,9% en septiembre, 1,8% en octubre, 1,6% en noviembre y 1,5% en diciembre<\/strong>, lo que&nbsp;da&nbsp;<strong>un total<\/strong><strong>&nbsp;acumulado de&nbsp;<\/strong><strong>6,96%.<\/strong><\/p>\n\n\n\n<p class=\"wp-block-paragraph\"><strong>En 2024 los miembros de la C\u00e1mara Alta votaron a mano alzada atar sus dietas a las de los trabajadores del Parlamento<\/strong>, es decir, si los empleados p\u00fablicos tienen un aumento salarial ellos tambi\u00e9n lo tienen.<\/p>\n\n\n\n<p class=\"wp-block-paragraph\">En las semanas previas, tuvo que darse marcha atr\u00e1s con un incremento que hab\u00eda surgido de una resoluci\u00f3n conjunta entre la titular de la C\u00e1mara Alta,&nbsp;<strong>Victoria Villarruel<\/strong>, y su par en Diputados,&nbsp;<strong>Mart\u00edn Menem<\/strong>.<\/p>\n\n\n\n<p class=\"wp-block-paragraph\">Despu\u00e9s del revuelo que ocasion\u00f3 la votaci\u00f3n a mano alzada de 2024, el Parlamento anul\u00f3 una suba para julio y agosto de 2025 y&nbsp;<strong>congel\u00f3 sus dietas hasta el 31 de diciembre pasado&nbsp;<\/strong>en una votaci\u00f3n un\u00e1nime que cont\u00f3 65 sufragios positivos.&nbsp;<\/p>\n\n\n\n<p class=\"wp-block-paragraph\">Sin embargo,&nbsp;<strong>este a\u00f1o eso se cay\u00f3<\/strong>, excepto para aquellos que sigan con las donaciones, como indic\u00f3 La Libertad Avanza en julio pasado, luego de una paritaria.&nbsp;<\/p>\n\n\n\n<p class=\"wp-block-paragraph\">\u201cComo ya lo han realizado con anterioridad,&nbsp;<strong>optar\u00e1n por donar el aumento de sus sueldos a entidades ben\u00e9ficas o instituciones p\u00fablicas provinciales<\/strong>&nbsp;o a las ya establecidas previamente por el mismo Senado\u201d, sostuvo en ese entonces la bancada liderada por Patricia Bullrich.<\/p>\n\n\n\n<p class=\"wp-block-paragraph\">Seg\u00fan el sistema,&nbsp;<strong>las dietas est\u00e1n compuestas por 2.500 m\u00f3dulos<\/strong>, m\u00e1s un adicional de 1.000 m\u00f3dulos por gastos de representaci\u00f3n y 500 m\u00f3dulos extra por desarraigo. Adem\u00e1s,&nbsp;se agreg\u00f3 una dieta m\u00e1s a las 12 de ese momento para equiparar el aguinaldo.<\/p>\n","protected":false},"excerpt":{"rendered":"<p>Los senadores pasar\u00e1n a cobrar m\u00e1s de $13.100.000 en bruto a partir de enero de 2027&nbsp;a ra\u00edz de un nuevo acuerdo entre las autoridades del Congreso y los gremios legislativos. Los aumentos son los mismos que el Gobierno acord\u00f3 con los empleados estatales, pero sin bono:&nbsp;1,9% en septiembre, 1,8% en octubre, 1,6% en noviembre y &hellip;<\/p>\n","protected":false},"author":2,"featured_media":123588,"comment_status":"open","ping_status":"open","sticky":false,"template":"","format":"standard","meta":{"_jetpack_newsletter_access":"","_jetpack_dont_email_post_to_subs":false,"_jetpack_newsletter_tier_id":0,"_jetpack_memberships_contains_paywalled_content":false,"_jetpack_feature_clip_id":0,"_jetpack_memberships_contains_paid_content":false,"footnotes":"","jetpack_publicize_message":"","jetpack_publicize_feature_enabled":true,"jetpack_social_post_already_shared":true,"jetpack_social_options":{"image_generator_settings":{"template":"highway","default_image_id":0,"font":"","enabled":false},"version":2},"jetpack_post_was_ever_published":false},"categories":[639,14],"tags":[],"class_list":["post-123587","post","type-post","status-publish","format-standard","has-post-thumbnail","hentry","category-argentina","category-politica"],"jetpack_publicize_connections":[],"jetpack_sharing_enabled":true,"amp_enabled":true,"jetpack_featured_media_url":"https:\/\/portalmovil.com.ar\/wp-content\/uploads\/2026\/08\/IMG_1829.webp","_links":{"self":[{"href":"https:\/\/portalmovil.com.ar\/index.php\/wp-json\/wp\/v2\/posts\/123587","targetHints":{"allow":["GET"]}}],"collection":[{"href":"https:\/\/portalmovil.com.ar\/index.php\/wp-json\/wp\/v2\/posts"}],"about":[{"href":"https:\/\/portalmovil.com.ar\/index.php\/wp-json\/wp\/v2\/types\/post"}],"author":[{"embeddable":true,"href":"https:\/\/portalmovil.com.ar\/index.php\/wp-json\/wp\/v2\/users\/2"}],"replies":[{"embeddable":true,"href":"https:\/\/portalmovil.com.ar\/index.php\/wp-json\/wp\/v2\/comments?post=123587"}],"version-history":[{"count":1,"href":"https:\/\/portalmovil.com.ar\/index.php\/wp-json\/wp\/v2\/posts\/123587\/revisions"}],"predecessor-version":[{"id":123589,"href":"https:\/\/portalmovil.com.ar\/index.php\/wp-json\/wp\/v2\/posts\/123587\/revisions\/123589"}],"wp:featuredmedia":[{"embeddable":true,"href":"https:\/\/portalmovil.com.ar\/index.php\/wp-json\/wp\/v2\/media\/123588"}],"wp:attachment":[{"href":"https:\/\/portalmovil.com.ar\/index.php\/wp-json\/wp\/v2\/media?parent=123587"}],"wp:term":[{"taxonomy":"category","embeddable":true,"href":"https:\/\/portalmovil.com.ar\/index.php\/wp-json\/wp\/v2\/categories?post=123587"},{"taxonomy":"post_tag","embeddable":true,"href":"https:\/\/portalmovil.com.ar\/index.php\/wp-json\/wp\/v2\/tags?post=123587"}],"curies":[{"name":"wp","href":"https:\/\/api.w.org\/{rel}","templated":true}]}}