{"id":123584,"date":"2026-08-31T21:13:05","date_gmt":"2026-09-01T00:13:05","guid":{"rendered":"https:\/\/portalmovil.com.ar\/?p=123584"},"modified":"2026-08-31T21:13:07","modified_gmt":"2026-09-01T00:13:07","slug":"milei-pidio-el-regreso-de-la-formula-1-a-la-argentina-queremos-ver-a-colapinto-en-el-pais","status":"publish","type":"post","link":"https:\/\/portalmovil.com.ar\/index.php\/2026\/08\/31\/milei-pidio-el-regreso-de-la-formula-1-a-la-argentina-queremos-ver-a-colapinto-en-el-pais\/","title":{"rendered":"Milei pidi\u00f3 el regreso de la F\u00f3rmula 1 a la Argentina: \u00abQueremos ver a Colapinto en el pa\u00eds\u00bb"},"content":{"rendered":"\n<p class=\"wp-block-paragraph\"><\/p>\n\n\n\n<p class=\"wp-block-paragraph\"><strong>El presidente Javier Milei aprovech\u00f3 la apertura del Congreso Americano de la Federaci\u00f3n Internacional del Autom\u00f3vil (FIA) para insistir con el regreso de la F\u00f3rmula 1 a la Argentina<\/strong>&nbsp;.<\/p>\n\n\n\n<p class=\"wp-block-paragraph\">Durante su discurso, el mandatario sostuvo que el pa\u00eds cuenta con las condiciones necesarias para recibir nuevamente a la m\u00e1xima categor\u00eda del automovilismo y tambi\u00e9n mencion\u00f3 al piloto argentino Franco Colapinto.<\/p>\n\n\n\n<p class=\"wp-block-paragraph\"><strong>\u00abQueremos ver a Colapinto en el pa\u00eds\u00bb<\/strong>, afirm\u00f3 Milei al finalizar su intervenci\u00f3n ante representantes del automovilismo internacional.<\/p>\n\n\n\n<p class=\"wp-block-paragraph\">Milei se\u00f1al\u00f3 que el regreso de la Argentina como sede de la FIA representa una oportunidad para recuperar tambi\u00e9n competencias internacionales de primer nivel.<\/p>\n\n\n\n<p class=\"wp-block-paragraph\">En ese sentido, asegur\u00f3 que el pa\u00eds est\u00e1 en condiciones de recibir nuevamente tanto a la F\u00f3rmula 1 como al Rally Mundial. Adem\u00e1s, convoc\u00f3 al sector privado a participar en el desarrollo de las obras de infraestructura necesarias para concretar ese objetivo. \u00abEl privado, cuando se organiza, resuelve por su cuenta lo que el Estado no puede resolver o resuelve ineficientemente\u00bb, dijo.<\/p>\n\n\n\n<p class=\"wp-block-paragraph\">El Congreso Americano de la FIA se desarrolla en Buenos Aires hasta el 2 de septiembre y re\u00fane a representantes de 32 clubes miembros de distintos pa\u00edses del continente.<\/p>\n\n\n\n<p class=\"wp-block-paragraph\">El posible regreso de la F\u00f3rmula 1 tambi\u00e9n est\u00e1 relacionado con las obras de renovaci\u00f3n del Aut\u00f3dromo Oscar y Juan G\u00e1lvez de Buenos Aires.<\/p>\n\n\n\n<p class=\"wp-block-paragraph\">Argentina fue sede de la m\u00e1xima categor\u00eda durante distintas etapas de su historia, pero la \u00faltima carrera se disput\u00f3 en 1998. Desde entonces, el pa\u00eds qued\u00f3 fuera del calendario oficial.<\/p>\n\n\n\n<p class=\"wp-block-paragraph\">La eventual llegada nuevamente de la F1 requerir\u00eda importantes inversiones para adaptar el circuito y su infraestructura a los est\u00e1ndares exigidos por la categor\u00eda.<\/p>\n\n\n\n<p class=\"wp-block-paragraph\">La referencia de Milei a Franco Colapinto llega adem\u00e1s en un momento importante para el piloto argentino. Alpine confirm\u00f3 recientemente que Colapinto continuar\u00e1 como piloto titular durante la temporada 2027, junto a Pierre Gasly. El argentino sum\u00f3 puntos en seis de las primeras 12 carreras de la temporada 2026 y actualmente forma parte del proyecto a largo plazo de la escuder\u00eda francesa.<\/p>\n\n\n\n<p class=\"wp-block-paragraph\"><\/p>\n\n\n\n<p class=\"wp-block-paragraph\"><\/p>\n\n\n\n<p class=\"wp-block-paragraph\"><\/p>\n","protected":false},"excerpt":{"rendered":"<p>El presidente Javier Milei aprovech\u00f3 la apertura del Congreso Americano de la Federaci\u00f3n Internacional del Autom\u00f3vil (FIA) para insistir con el regreso de la F\u00f3rmula 1 a la Argentina&nbsp;. Durante su discurso, el mandatario sostuvo que el pa\u00eds cuenta con las condiciones necesarias para recibir nuevamente a la m\u00e1xima categor\u00eda del automovilismo y tambi\u00e9n mencion\u00f3 &hellip;<\/p>\n","protected":false},"author":2,"featured_media":123585,"comment_status":"open","ping_status":"open","sticky":false,"template":"","format":"standard","meta":{"_jetpack_newsletter_access":"","_jetpack_dont_email_post_to_subs":false,"_jetpack_newsletter_tier_id":0,"_jetpack_memberships_contains_paywalled_content":false,"_jetpack_feature_clip_id":0,"_jetpack_memberships_contains_paid_content":false,"footnotes":"","jetpack_publicize_message":"","jetpack_publicize_feature_enabled":true,"jetpack_social_post_already_shared":true,"jetpack_social_options":{"image_generator_settings":{"template":"highway","default_image_id":0,"font":"","enabled":false},"version":2},"jetpack_post_was_ever_published":false},"categories":[639,14],"tags":[],"class_list":["post-123584","post","type-post","status-publish","format-standard","has-post-thumbnail","hentry","category-argentina","category-politica"],"jetpack_publicize_connections":[],"jetpack_sharing_enabled":true,"amp_enabled":true,"jetpack_featured_media_url":"https:\/\/portalmovil.com.ar\/wp-content\/uploads\/2026\/08\/IMG_1824.webp","_links":{"self":[{"href":"https:\/\/portalmovil.com.ar\/index.php\/wp-json\/wp\/v2\/posts\/123584","targetHints":{"allow":["GET"]}}],"collection":[{"href":"https:\/\/portalmovil.com.ar\/index.php\/wp-json\/wp\/v2\/posts"}],"about":[{"href":"https:\/\/portalmovil.com.ar\/index.php\/wp-json\/wp\/v2\/types\/post"}],"author":[{"embeddable":true,"href":"https:\/\/portalmovil.com.ar\/index.php\/wp-json\/wp\/v2\/users\/2"}],"replies":[{"embeddable":true,"href":"https:\/\/portalmovil.com.ar\/index.php\/wp-json\/wp\/v2\/comments?post=123584"}],"version-history":[{"count":1,"href":"https:\/\/portalmovil.com.ar\/index.php\/wp-json\/wp\/v2\/posts\/123584\/revisions"}],"predecessor-version":[{"id":123586,"href":"https:\/\/portalmovil.com.ar\/index.php\/wp-json\/wp\/v2\/posts\/123584\/revisions\/123586"}],"wp:featuredmedia":[{"embeddable":true,"href":"https:\/\/portalmovil.com.ar\/index.php\/wp-json\/wp\/v2\/media\/123585"}],"wp:attachment":[{"href":"https:\/\/portalmovil.com.ar\/index.php\/wp-json\/wp\/v2\/media?parent=123584"}],"wp:term":[{"taxonomy":"category","embeddable":true,"href":"https:\/\/portalmovil.com.ar\/index.php\/wp-json\/wp\/v2\/categories?post=123584"},{"taxonomy":"post_tag","embeddable":true,"href":"https:\/\/portalmovil.com.ar\/index.php\/wp-json\/wp\/v2\/tags?post=123584"}],"curies":[{"name":"wp","href":"https:\/\/api.w.org\/{rel}","templated":true}]}}