{"id":123569,"date":"2026-08-31T13:02:12","date_gmt":"2026-08-31T16:02:12","guid":{"rendered":"https:\/\/portalmovil.com.ar\/?p=123569"},"modified":"2026-08-31T13:02:16","modified_gmt":"2026-08-31T16:02:16","slug":"messi-anuncio-su-retiro-de-la-seleccion-argentina","status":"publish","type":"post","link":"https:\/\/portalmovil.com.ar\/index.php\/2026\/08\/31\/messi-anuncio-su-retiro-de-la-seleccion-argentina\/","title":{"rendered":"Messi anunci\u00f3 su retiro de la Selecci\u00f3n Argentina"},"content":{"rendered":"\n<p class=\"wp-block-paragraph\"><strong>Lionel Andr\u00e9s Messi<\/strong>&nbsp;anunci\u00f3 oficialmente su&nbsp;<strong>retiro de la Selecci\u00f3n argentina<\/strong>&nbsp;de f\u00fatbol. El astro, que gan\u00f3 el&nbsp;<strong>Mundial de 2022 en Qatar<\/strong>&nbsp;y disput\u00f3 las finales de&nbsp;<strong>2014 y 2026<\/strong>, inform\u00f3 que tom\u00f3 la decisi\u00f3n el&nbsp;<strong>21 de julio pasado<\/strong>, dos d\u00edas despu\u00e9s de la derrota ante&nbsp;<strong>Espa\u00f1a<\/strong>&nbsp;en la final del Mundial 2026, y d\u00edas antes de la muerte de su padre,&nbsp;<strong>Jorge Messi<\/strong>, ocurrida el&nbsp;<strong>8 de agosto<\/strong>&nbsp;.<\/p>\n\n\n\n<figure class=\"wp-block-image is-resized\"><img decoding=\"async\" src=\"https:\/\/www.canaldelasnoticias.com\/wp-content\/uploads\/2026\/08\/la-foto-con-la-que-messi-anuncio-su-retiro-de-la-hi2jqxe6n5hkfdohtj5ceuqd6a.jpg\" alt=\"la foto con la que messi anuncio su retiro de la\" style=\"aspect-ratio:0.8;width:780px;height:auto\" title=\"la-foto-con-la-que-messi-anuncio-su-retiro-de-la-HI2JQXE6N5HKFDOHTJ5CEUQD6A\"\/><\/figure>\n\n\n\n<p class=\"wp-block-paragraph\"><strong>El capit\u00e1n de la selecci\u00f3n argentina public\u00f3 una carta abierta en sus redes sociales, en la que asegur\u00f3: \u00abFue una decisi\u00f3n que doli\u00f3 y duele en el alma pero entiendo que es el momento\u00bb. La noticia, que era un rumor desde la final del Mundial, fue confirmada por el propio jugador este lunes 31 de agosto .<\/strong><\/p>\n\n\n\n<p class=\"wp-block-paragraph\">En su mensaje, Messi repas\u00f3 su trayectoria con la camiseta albiceleste:&nbsp;<strong>\u00abLes juro que siempre dej\u00e9 todo, no solo los \u00faltimos a\u00f1os que se gan\u00f3 todo antes tambi\u00e9n y siempre pele\u00e9 y me dej\u00e9 todo por esta camiseta, por darles alegr\u00edas y hacer que se sientan orgullosos de ser argentinos a trav\u00e9s del f\u00fatbol\u00bb<\/strong>&nbsp;.<\/p>\n\n\n\n<p class=\"wp-block-paragraph\">El ganador tambi\u00e9n de las&nbsp;<strong>Copa Am\u00e9rica 2019 y 2024<\/strong>&nbsp;explic\u00f3 los motivos de su partida:&nbsp;<strong>\u00abMe vaci\u00e9, ya no tengo m\u00e1s para dar y aparte vienen chicos muy grandes atr\u00e1s que merecen estar\u00bb<\/strong>. Messi, que el fin de semana volvi\u00f3 a reivindicar su vigencia al marcar&nbsp;<strong>4 goles<\/strong>&nbsp;para su equipo&nbsp;<strong>Inter de Miami<\/strong>&nbsp;en la&nbsp;<strong>MLS<\/strong>, sintetiz\u00f3 que fue una decisi\u00f3n meditada .<\/p>\n\n\n\n<p class=\"wp-block-paragraph\">El propio jugador aclar\u00f3 que las palabras fueron escritas el&nbsp;<strong>21 de julio<\/strong>, dos d\u00edas despu\u00e9s de la final del Mundial, y que el fallecimiento de su padre reafirm\u00f3 su determinaci\u00f3n:&nbsp;<strong>\u00abHoy despu\u00e9s de lo de mi pap\u00e1, estoy m\u00e1s convencido que antes\u00bb<\/strong>&nbsp;. Jorge Messi falleci\u00f3 el&nbsp;<strong>8 de agosto<\/strong>&nbsp;a los&nbsp;<strong>68 a\u00f1os<\/strong>, tras una larga enfermedad que lo hab\u00eda afectado durante los \u00faltimos a\u00f1os .<\/p>\n\n\n\n<p class=\"wp-block-paragraph\">La carta de Messi tuvo una repercusi\u00f3n inmediata en las redes sociales, con miles de mensajes de despedida de fan\u00e1ticos, excompa\u00f1eros y figuras del deporte mundial. El propio&nbsp;<strong>Inter de Miami<\/strong>, su club actual, public\u00f3 un mensaje de apoyo al astro argentino, destacando su legado en el f\u00fatbol mundial .<\/p>\n\n\n\n<p class=\"wp-block-paragraph\">En su mensaje, Messi tambi\u00e9n agradeci\u00f3 el apoyo de la afici\u00f3n argentina durante sus veinte a\u00f1os en la selecci\u00f3n:&nbsp;<strong>\u00abGracias por todo el cari\u00f1o de estos 20 a\u00f1os. Voy a extra\u00f1ar mucho escucharlos desde adentro. Ahora voy a ser uno m\u00e1s de ustedes, alentando y bancando siempre desde afuera (en las buenas y en las malas, mucho m\u00e1s)\u00bb<\/strong>&nbsp;.<\/p>\n\n\n\n<p class=\"wp-block-paragraph\">El futbolista tambi\u00e9n dedic\u00f3 palabras de gratitud a su entorno m\u00e1s cercano:&nbsp;<strong>\u00abGracias a mi familia por estar siempre, por acompa\u00f1arme en este viaje tan hermoso pero dif\u00edcil. Gracias a cada uno de entrenadores, compa\u00f1eros y dirigentes que me toc\u00f3 compartir. Me llevo recuerdos y momentos inolvidables vividos\u00bb<\/strong>&nbsp;.<\/p>\n\n\n\n<p class=\"wp-block-paragraph\">Messi cerr\u00f3 su mensaje con un mensaje de orgullo y agradecimiento:&nbsp;<strong>\u00abMe voy con la tranquilidad y el orgullo de haberles regalado, juntos con mis compa\u00f1eros, momentos so\u00f1ados. Fue una locura haberlo vivido con ustedes. \u00a1Los quiero! Gracias Dios por hacerme argentino. \u00a1Vamos Argentina!\u00bb<\/strong>&nbsp;.<\/p>\n\n\n\n<blockquote class=\"wp-block-quote quote-solid is-layout-flow wp-block-quote quote-solid-is-layout-flow\">\n<p class=\"wp-block-paragraph\">\u00abFue una decisi\u00f3n que doli\u00f3 y duele en el alma pero entiendo que es el momento. Me vaci\u00e9, ya no tengo m\u00e1s para dar y aparte vienen chicos muy grandes atr\u00e1s que merecen estar\u00bb \u2014 expres\u00f3&nbsp;<strong>Lionel Messi<\/strong>en su carta de despedida .<\/p>\n<\/blockquote>\n","protected":false},"excerpt":{"rendered":"<p>Lionel Andr\u00e9s Messi&nbsp;anunci\u00f3 oficialmente su&nbsp;retiro de la Selecci\u00f3n argentina&nbsp;de f\u00fatbol. El astro, que gan\u00f3 el&nbsp;Mundial de 2022 en Qatar&nbsp;y disput\u00f3 las finales de&nbsp;2014 y 2026, inform\u00f3 que tom\u00f3 la decisi\u00f3n el&nbsp;21 de julio pasado, dos d\u00edas despu\u00e9s de la derrota ante&nbsp;Espa\u00f1a&nbsp;en la final del Mundial 2026, y d\u00edas antes de la muerte de su padre,&nbsp;Jorge &hellip;<\/p>\n","protected":false},"author":2,"featured_media":123570,"comment_status":"open","ping_status":"open","sticky":false,"template":"","format":"standard","meta":{"_jetpack_newsletter_access":"","_jetpack_dont_email_post_to_subs":false,"_jetpack_newsletter_tier_id":0,"_jetpack_memberships_contains_paywalled_content":false,"_jetpack_feature_clip_id":0,"_jetpack_memberships_contains_paid_content":false,"footnotes":"","jetpack_publicize_message":"","jetpack_publicize_feature_enabled":true,"jetpack_social_post_already_shared":true,"jetpack_social_options":{"image_generator_settings":{"template":"highway","default_image_id":0,"font":"","enabled":false},"version":2},"jetpack_post_was_ever_published":false},"categories":[15],"tags":[],"class_list":["post-123569","post","type-post","status-publish","format-standard","has-post-thumbnail","hentry","category-deportes"],"jetpack_publicize_connections":[],"jetpack_sharing_enabled":true,"amp_enabled":true,"jetpack_featured_media_url":"https:\/\/portalmovil.com.ar\/wp-content\/uploads\/2026\/08\/IMG_1820.jpeg","_links":{"self":[{"href":"https:\/\/portalmovil.com.ar\/index.php\/wp-json\/wp\/v2\/posts\/123569","targetHints":{"allow":["GET"]}}],"collection":[{"href":"https:\/\/portalmovil.com.ar\/index.php\/wp-json\/wp\/v2\/posts"}],"about":[{"href":"https:\/\/portalmovil.com.ar\/index.php\/wp-json\/wp\/v2\/types\/post"}],"author":[{"embeddable":true,"href":"https:\/\/portalmovil.com.ar\/index.php\/wp-json\/wp\/v2\/users\/2"}],"replies":[{"embeddable":true,"href":"https:\/\/portalmovil.com.ar\/index.php\/wp-json\/wp\/v2\/comments?post=123569"}],"version-history":[{"count":1,"href":"https:\/\/portalmovil.com.ar\/index.php\/wp-json\/wp\/v2\/posts\/123569\/revisions"}],"predecessor-version":[{"id":123571,"href":"https:\/\/portalmovil.com.ar\/index.php\/wp-json\/wp\/v2\/posts\/123569\/revisions\/123571"}],"wp:featuredmedia":[{"embeddable":true,"href":"https:\/\/portalmovil.com.ar\/index.php\/wp-json\/wp\/v2\/media\/123570"}],"wp:attachment":[{"href":"https:\/\/portalmovil.com.ar\/index.php\/wp-json\/wp\/v2\/media?parent=123569"}],"wp:term":[{"taxonomy":"category","embeddable":true,"href":"https:\/\/portalmovil.com.ar\/index.php\/wp-json\/wp\/v2\/categories?post=123569"},{"taxonomy":"post_tag","embeddable":true,"href":"https:\/\/portalmovil.com.ar\/index.php\/wp-json\/wp\/v2\/tags?post=123569"}],"curies":[{"name":"wp","href":"https:\/\/api.w.org\/{rel}","templated":true}]}}