{"id":123549,"date":"2026-08-31T09:41:17","date_gmt":"2026-08-31T12:41:17","guid":{"rendered":"https:\/\/portalmovil.com.ar\/?p=123549"},"modified":"2026-08-31T09:41:18","modified_gmt":"2026-08-31T12:41:18","slug":"recupero-la-libertad-el-conductor-detenido-por-el-accidente-fatal-de-av-castelli","status":"publish","type":"post","link":"https:\/\/portalmovil.com.ar\/index.php\/2026\/08\/31\/recupero-la-libertad-el-conductor-detenido-por-el-accidente-fatal-de-av-castelli\/","title":{"rendered":"Recuper\u00f3 la libertad el conductor detenido por el accidente fatal de Av Castelli"},"content":{"rendered":"\n<p class=\"wp-block-paragraph\">El automovilista que hab\u00eda sido detenido luego de fugarse tras protagonizar un accidente fatal en avenida Castelli y Urquiza, en Resistencia, recuper\u00f3 la libertad este lunes por la ma\u00f1ana.<\/p>\n\n\n\n<p class=\"wp-block-paragraph\">El siniestro ocurri\u00f3 el domingo por la tarde, cuando un autom\u00f3vil y una motocicleta colisionaron por causas que a\u00fan se investigan. El motociclista falleci\u00f3 en el lugar y el conductor del auto escap\u00f3, aunque fue localizado y detenido minutos despu\u00e9s.<\/p>\n\n\n\n<p class=\"wp-block-paragraph\">Por disposici\u00f3n de la Justicia, recuper\u00f3 su libertad mientras contin\u00faa la investigaci\u00f3n. En tanto, se aguarda la autopsia de la v\u00edctima, que ser\u00e1 clave para determinar las causas de la muerte y avanzar en el esclarecimiento del hecho.<\/p>\n","protected":false},"excerpt":{"rendered":"<p>El automovilista que hab\u00eda sido detenido luego de fugarse tras protagonizar un accidente fatal en avenida Castelli y Urquiza, en Resistencia, recuper\u00f3 la libertad este lunes por la ma\u00f1ana. El siniestro ocurri\u00f3 el domingo por la tarde, cuando un autom\u00f3vil y una motocicleta colisionaron por causas que a\u00fan se investigan. El motociclista falleci\u00f3 en el &hellip;<\/p>\n","protected":false},"author":2,"featured_media":123550,"comment_status":"open","ping_status":"open","sticky":false,"template":"","format":"standard","meta":{"_jetpack_newsletter_access":"","_jetpack_dont_email_post_to_subs":false,"_jetpack_newsletter_tier_id":0,"_jetpack_memberships_contains_paywalled_content":false,"_jetpack_feature_clip_id":0,"_jetpack_memberships_contains_paid_content":false,"footnotes":"","jetpack_publicize_message":"","jetpack_publicize_feature_enabled":true,"jetpack_social_post_already_shared":true,"jetpack_social_options":{"image_generator_settings":{"template":"highway","default_image_id":0,"font":"","enabled":false},"version":2},"jetpack_post_was_ever_published":false},"categories":[8,37],"tags":[],"class_list":["post-123549","post","type-post","status-publish","format-standard","has-post-thumbnail","hentry","category-policiales","category-resistencia"],"jetpack_publicize_connections":[],"jetpack_sharing_enabled":true,"amp_enabled":true,"jetpack_featured_media_url":"https:\/\/portalmovil.com.ar\/wp-content\/uploads\/2026\/08\/IMG_1815.jpeg","_links":{"self":[{"href":"https:\/\/portalmovil.com.ar\/index.php\/wp-json\/wp\/v2\/posts\/123549","targetHints":{"allow":["GET"]}}],"collection":[{"href":"https:\/\/portalmovil.com.ar\/index.php\/wp-json\/wp\/v2\/posts"}],"about":[{"href":"https:\/\/portalmovil.com.ar\/index.php\/wp-json\/wp\/v2\/types\/post"}],"author":[{"embeddable":true,"href":"https:\/\/portalmovil.com.ar\/index.php\/wp-json\/wp\/v2\/users\/2"}],"replies":[{"embeddable":true,"href":"https:\/\/portalmovil.com.ar\/index.php\/wp-json\/wp\/v2\/comments?post=123549"}],"version-history":[{"count":1,"href":"https:\/\/portalmovil.com.ar\/index.php\/wp-json\/wp\/v2\/posts\/123549\/revisions"}],"predecessor-version":[{"id":123551,"href":"https:\/\/portalmovil.com.ar\/index.php\/wp-json\/wp\/v2\/posts\/123549\/revisions\/123551"}],"wp:featuredmedia":[{"embeddable":true,"href":"https:\/\/portalmovil.com.ar\/index.php\/wp-json\/wp\/v2\/media\/123550"}],"wp:attachment":[{"href":"https:\/\/portalmovil.com.ar\/index.php\/wp-json\/wp\/v2\/media?parent=123549"}],"wp:term":[{"taxonomy":"category","embeddable":true,"href":"https:\/\/portalmovil.com.ar\/index.php\/wp-json\/wp\/v2\/categories?post=123549"},{"taxonomy":"post_tag","embeddable":true,"href":"https:\/\/portalmovil.com.ar\/index.php\/wp-json\/wp\/v2\/tags?post=123549"}],"curies":[{"name":"wp","href":"https:\/\/api.w.org\/{rel}","templated":true}]}}